{"id":4008,"date":"2020-08-10T16:28:52","date_gmt":"2020-08-10T15:28:52","guid":{"rendered":"http:\/\/www.ggs-brueggen.de\/?p=4008"},"modified":"2020-08-10T16:28:52","modified_gmt":"2020-08-10T15:28:52","slug":"informationen-zum-schulbeginn","status":"publish","type":"post","link":"https:\/\/www.ggs-brueggen.de\/?p=4008","title":{"rendered":"Informationen zum Schulbeginn"},"content":{"rendered":"\n<p>Liebe Eltern,<\/p>\n\n\n\n<p>unsere Planungen f\u00fcr die kommenden Wochen sind abgeschlossen und ich freue mich Ihnen mitteilen zu k\u00f6nnen, dass das Kollegium vollst\u00e4ndig einsatzbereit ist und wir somit die gesamte Stundentafel abdecken k\u00f6nnen.<\/p>\n\n\n\n<p><strong><u>Maskenpflicht:<\/u><\/strong><\/p>\n\n\n\n<p>An der Albert-Schweitzer-Schule besteht f\u00fcr die Schulkinder, sowie <strong>f\u00fcr alle<\/strong> weiteren Personen, eine Pflicht zum Tragen einer Mund-Nase-Bedeckung. Erst wenn alle Kinder der Klasse sich im Klassenraum befinden <strong>und<\/strong> auf ihren festen Sitzpl\u00e4tzen sitzen, k\u00f6nnen die Masken abgenommen werden. Sobald ein Kind seinen Platz verl\u00e4sst, tr\u00e4gt es seine Maske. Die Lehrerinnen und Lehrer tragen immer dann eine Maske, wenn der Mindestabstand von 1,5m unterschritten wird.<\/p>\n\n\n\n<p>Bitte sorgen Sie daf\u00fcr, dass Ihr Kind immer eine Maske dabeihat, wenn am Mittwoch die Schule wieder startet. <strong>Wir haben momentan keine Ersatzmasken!<\/strong><\/p>\n\n\n\n<p><strong><u>Hygiene:<\/u><\/strong><strong><u><br><\/u><\/strong>Alle Vorgaben, die vor den Ferien galten, gelten auch weiterhin (z. B. das H\u00e4ndewaschen bei Betreten des Klassenraumes, Abstand halten, Bel\u00fcftung der Klassenr\u00e4ume).<\/p>\n\n\n\n<p><strong><u>Unterricht:<\/u><\/strong><\/p>\n\n\n\n<p>Wir haben den offenen Anfang verl\u00e4ngert und in eine <strong>Lernzeit<\/strong> umgewandelt, so dass die Kinder <strong>zwischen 07.30 und 08.00 Uhr<\/strong> in der Schule <strong>ankommen<\/strong> k\u00f6nnen. Um 08.00 Uhr m\u00fcssen alle da sein. Durch die beiden getrennten Eing\u00e4nge zu unseren Geb\u00e4uden entsteht eine weitere Entzerrung der Ankommenssituation. Ab 07.30 Uhr warten die Lehrerinnen und Lehrer in den Klassenr\u00e4umen, so dass die Kinder direkt in die Klasse gehen k\u00f6nnen. Diese Regelung gilt bereits am Mittwoch, dem 12.08.2020 und ab jetzt an jedem Tag. Am Mittwoch endet der Unterricht f\u00fcr alle um 11.30 Uhr (plus\/minus 5 Minuten).<\/p>\n\n\n\n<p>Haben zwei Klassen, die sich einen Flur teilen gleichzeitig <strong>Schulschluss<\/strong> sprechen die Kolleginnen und Kollegen sich ab, welche Klasse 2 Minuten fr\u00fcher oder sp\u00e4ter geht, um auch hier Begegnungen zu vermeiden.<\/p>\n\n\n\n<p>Hier die Unterrichtszeiten:<\/p>\n\n\n\n<ul class=\"wp-block-list\"><li>Stunde: 07.30-08.15 Uhr&nbsp;&nbsp;&nbsp;&nbsp;&nbsp;&nbsp; Offener Anfang\/Lernzeit<\/li><li>Stunde: 08.15-09.00 Uhr<\/li><li>Stunde: 09.00-09.45 Uhr<\/li><li>Stunde: 09.45-10.45 Uhr&nbsp;&nbsp;&nbsp;&nbsp;&nbsp;&nbsp; 60 min inkl. 15 Minuten Hofpause<\/li><li>Stunde: 10.45-11.30 Uhr<\/li><li>Stunde: 11.30-12.30 Uhr&nbsp;&nbsp;&nbsp;&nbsp;&nbsp;&nbsp; 60 min inkl. 15 Minuten Hofpause<\/li><li>Stunde: 12.30-13.15 Uhr<\/li><\/ul>\n\n\n\n<p>Einige F\u00e4cher werden wieder von <strong>Fachlehrern<\/strong> unterrichtet und h\u00e4ufig sind 2 Lehrer\/innen in der Klasse, um einzelne Kinder gezielter f\u00f6rdern zu k\u00f6nnen.<\/p>\n\n\n\n<p>Zun\u00e4chst bis zu den Herbstferien wird der <strong>Religionsunterricht<\/strong> f\u00fcr die katholischen und evangelischen Kinder <strong>gemeinsam<\/strong> im Klassenverband stattfinden, um m\u00f6glichst wenig Mischungen zu haben. Wir werden uns hier auf ethische Themen konzentrieren oder solche, die beide Konfessionen betreffen. Kinder, die nicht am Religionsunterricht teilnehmen, haben in diesen Stunden entweder F\u00f6rderunterricht oder frei. N\u00e4heres entnehmen Sie bitte dem Stundenplan, den Ihre Kinder erhalten.<\/p>\n\n\n\n<p>Der <strong>Sportunterricht<\/strong> wird drau\u00dfen stattfinden. Bitte achten Sie auf entsprechende <strong>Kleidung<\/strong> an diesen Tagen, da es keine M\u00f6glichkeit zum Umziehen gibt.<\/p>\n\n\n\n<p>Die 3. Klassen werden im Wechsel ins <strong>Schwimmbad<\/strong> fahren und Sportunterricht haben. Im Schwimmbus wird nat\u00fcrlich eine Maske getragen.<\/p>\n\n\n\n<p><strong><u>Pause:<\/u><\/strong><\/p>\n\n\n\n<p>In unserer Planung haben wir die 3. und 5. Stunde auf 60 Minuten erh\u00f6ht, in die dann eine Hofpause integriert ist. Es wird dann immer eine Klasse auf dem Spielplatz oder dem Schulhof sein, w\u00e4hrend die anderen Unterricht haben.<\/p>\n\n\n\n<p><strong><u>OGS und Rabe<\/u><\/strong> (Randstundenbetreuung)<\/p>\n\n\n\n<p>Ich freue mich, Ihnen mitteilen zu k\u00f6nnen, dass Frau Thybussek die Leitung der OGS \u00fcbernommen hat und w\u00fcnsche ihr viel Erfolg. OGS und Rabe finden wieder wie gewohnt statt. Es gibt in der OGS 3 feste Gruppen. Alle Erstkl\u00e4ssler bilden eine Gruppe, alle Zweitkl\u00e4ssler die n\u00e4chste Gruppe und die letzte und gr\u00f6\u00dfte Gruppe sind die Dritt- und Viertkl\u00e4ssler. In dieser gro\u00dfen Gruppe wird, wann immer m\u00f6glich, auch r\u00e4umlich getrennt. Die Lieferung des Mittagessens l\u00e4uft wieder an und die Essensausgabe erfolgt unter Ber\u00fccksichtigung der Hygienevorgaben.<\/p>\n\n\n\n<p>In der Rabe (Betreuung) sind Kinder aus allen Klassen und bilden eine feste Gruppe f\u00fcr den Nachmittag.<\/p>\n\n\n\n<p><strong><u>Distanzlernen:<\/u><\/strong><\/p>\n\n\n\n<p>Sollte es zu Quarant\u00e4nema\u00dfnahmen kommen oder mehrere Lehrer\/innen gleichzeitig krank sein, kann es erneut notwendig werden, das Lernen nach Hause zu verlagern. Wir hoffen, dass es nicht dazu kommt, arbeiten aber weiter an unseren M\u00f6glichkeiten. Ideen hierzu sind bereits in die Schulbuchbestellung eingeflossen. Au\u00dferdem haben wir einen Zugang zum Lernmanagement System (LMS) des Landes NRW erhalten. Dieses System wird es uns erm\u00f6glichen, f\u00fcr jede Klasse und jedes Kind einen eigenen Zugang einzurichten, in dem miteinander kommuniziert werden kann und Dokumente digital ausgetauscht werden k\u00f6nnen. Die einzelnen Zugangsdaten und weitere Informationen dazu erhalten Sie schnellstm\u00f6glich nach Schulbeginn. Damit sind wir in der Lage, falls notwendig, auch beim Lernen auf Distanz den Unterrichtsstoff f\u00fcr alle Kinder differenziert und individuell zu thematisieren.<\/p>\n\n\n\n<p><strong><u>Krankheitsf\u00e4lle:<\/u><\/strong><\/p>\n\n\n\n<p>Im Krankheitsfalle melden Sie Ihr Kind bitte bis sp\u00e4testens 8:00 Uhr telefonisch unter 02237\/7707 krank. Leidet Ihr Kind unter Erk\u00e4ltungssymptomen, schicken Sie es bitte <strong>nicht<\/strong> zum Unterricht und halten Sie R\u00fccksprache mit Ihrem Kinderarzt.<\/p>\n\n\n\n<p><strong><u>Betretungsverbot des Schulgel\u00e4ndes:<\/u><\/strong><\/p>\n\n\n\n<p>Es gilt weiterhin ein <strong>Betretungsverbot<\/strong> des Schulgel\u00e4ndes. Eltern d\u00fcrfen nur nach vorheriger Terminabsprache oder Einladung das Schulgel\u00e4nde betreten. Dies dient dem Schutz jeder Person, bitte unterst\u00fctzen Sie uns, indem Sie diese Regeln einhalten!<\/p>\n\n\n\n<p>Viele weitere Informationen erhalten Sie auf den kommenden Klassenpflegschaftssitzungen!<\/p>\n\n\n\n<p>Bis dahin bleiben Sie gesund! Wir freuen uns Ihre Kinder wiederzusehen!<\/p>\n\n\n\n<p>Susanne Klein, Schulleiterin<\/p>\n","protected":false},"excerpt":{"rendered":"<p>Liebe Eltern, unsere Planungen f\u00fcr die kommenden Wochen sind abgeschlossen und ich freue mich Ihnen mitteilen zu k\u00f6nnen, dass das Kollegium vollst\u00e4ndig einsatzbereit ist und wir somit die gesamte Stundentafel abdecken k\u00f6nnen. Maskenpflicht: An der Albert-Schweitzer-Schule besteht f\u00fcr die Schulkinder, sowie f\u00fcr alle weiteren Personen, eine Pflicht zum Tragen einer Mund-Nase-Bedeckung. Erst wenn alle Kinder &hellip; <a href=\"https:\/\/www.ggs-brueggen.de\/?p=4008\" class=\"more-link\"><span class=\"screen-reader-text\">Informationen zum Schulbeginn<\/span> weiterlesen <span class=\"meta-nav\">&rarr;<\/span><\/a><\/p>\n","protected":false},"author":3,"featured_media":0,"comment_status":"closed","ping_status":"closed","sticky":false,"template":"","format":"standard","meta":{"footnotes":""},"categories":[1],"tags":[],"class_list":["post-4008","post","type-post","status-publish","format-standard","hentry","category-allgemein"],"_links":{"self":[{"href":"https:\/\/www.ggs-brueggen.de\/index.php?rest_route=\/wp\/v2\/posts\/4008","targetHints":{"allow":["GET"]}}],"collection":[{"href":"https:\/\/www.ggs-brueggen.de\/index.php?rest_route=\/wp\/v2\/posts"}],"about":[{"href":"https:\/\/www.ggs-brueggen.de\/index.php?rest_route=\/wp\/v2\/types\/post"}],"author":[{"embeddable":true,"href":"https:\/\/www.ggs-brueggen.de\/index.php?rest_route=\/wp\/v2\/users\/3"}],"replies":[{"embeddable":true,"href":"https:\/\/www.ggs-brueggen.de\/index.php?rest_route=%2Fwp%2Fv2%2Fcomments&post=4008"}],"version-history":[{"count":1,"href":"https:\/\/www.ggs-brueggen.de\/index.php?rest_route=\/wp\/v2\/posts\/4008\/revisions"}],"predecessor-version":[{"id":4009,"href":"https:\/\/www.ggs-brueggen.de\/index.php?rest_route=\/wp\/v2\/posts\/4008\/revisions\/4009"}],"wp:attachment":[{"href":"https:\/\/www.ggs-brueggen.de\/index.php?rest_route=%2Fwp%2Fv2%2Fmedia&parent=4008"}],"wp:term":[{"taxonomy":"category","embeddable":true,"href":"https:\/\/www.ggs-brueggen.de\/index.php?rest_route=%2Fwp%2Fv2%2Fcategories&post=4008"},{"taxonomy":"post_tag","embeddable":true,"href":"https:\/\/www.ggs-brueggen.de\/index.php?rest_route=%2Fwp%2Fv2%2Ftags&post=4008"}],"curies":[{"name":"wp","href":"https:\/\/api.w.org\/{rel}","templated":true}]}}