{"id":4005,"date":"2020-08-03T18:11:26","date_gmt":"2020-08-03T17:11:26","guid":{"rendered":"http:\/\/www.ggs-brueggen.de\/?p=4005"},"modified":"2020-08-03T18:11:27","modified_gmt":"2020-08-03T17:11:27","slug":"aktuelles-4","status":"publish","type":"post","link":"https:\/\/www.ggs-brueggen.de\/?p=4005","title":{"rendered":"Aktuelles"},"content":{"rendered":"\n<p>Liebe Eltern,<\/p>\n\n\n\n<p>die Ferien neigen sich ihrem Ende zu und heute erreichten uns die Informationen, wie das kommende Schuljahr starten soll.<\/p>\n\n\n\n<p>Die gesamte Mail zum Nachlesen finden Sie hier:<br><a href=\"https:\/\/www.schulministerium.nrw.de\/docs\/bp\/Ministerium\/Schulverwaltung\/Schulmail\/Archiv-2020\/200803\/index.html\">https:\/\/www.schulministerium.nrw.de\/docs\/bp\/Ministerium\/Schulverwaltung\/Schulmail\/Archiv-2020\/200803\/index.html<\/a><\/p>\n\n\n\n<p>Hier aber die wichtigsten Regeln in Kurzform:<br>\u2022 Im gesamten Schulgeb\u00e4ude muss weiterhin ein <strong>Mund-Nasenschutz<\/strong> getragen werden. Bitte denken Sie unbedingt daran, ihren Kindern diesen mitzugeben. Vor den Ferien war unser Vorrat sehr schnell aufgebraucht, weil so h\u00e4ufig die Masken vergessen wurden. Wenn alle Kinder in der Klasse an ihrem Platz sitzen, kann die Maske abgenommen werden.<br>\u2022 Auch die <strong>versetzten Anf\u00e4nge und Pausenzeiten<\/strong> haben weiterhin Bestand.<br>\u2022 Die Klassen sollen nach M\u00f6glichkeit unter sich bleiben. Es k\u00f6nnen in Einzelf\u00e4llen gemischte Gruppen gebildet werden.<br>\u2022 Der <strong>Pr\u00e4senzunterricht<\/strong> ist <strong>verpflichtend<\/strong>. Kinder mit relevanten <strong>Vorerkrankungen<\/strong> k\u00f6nnen aber nach R\u00fccksprache mit der Schulleitung vom Pr\u00e4senzunterricht befreit werden. Sie m\u00fcssen aber den Stoff zu Hause bearbeiten.<br>\u2022 Bei vorerkrankten Familienmitgliedern im Haushalt sind vorrangig Ma\u00dfnahmen der Infektionspr\u00e4vention innerhalb der h\u00e4uslichen Gemeinschaft zum Schutz dieser Angeh\u00f6rigen zu treffen. Die Nichtteilnahme von Sch\u00fclerinnen und Sch\u00fclern am Pr\u00e4senzunterricht kann zum Schutz ihrer Angeh\u00f6rigen nur in eng begrenzten Ausnahmef\u00e4llen und nur vor\u00fcbergehend in Betracht kommen. Dies setzt voraus, dass ein \u00e4rztliches Attest des betreffenden Angeh\u00f6rigen vorgelegt wird, aus dem sich die Corona-relevante Vorerkrankung ergibt.<br>\u2022 Kinder mit Erk\u00e4ltungssymptomen bleiben bitte mindestens 24 Stunden zu Hause. Die Schule kann erk\u00e4ltete Kinder mit verd\u00e4chtigen Symptomen nach Hause schicken.<br>\u2022 Sollte es in einer Klasse zu <strong>Quarant\u00e4nema\u00dfnahmen<\/strong> kommen, sind die Kinder verpflichtet die Aufgaben im Distanzlernen zu erledigen.<br>\u2022 Ab sofort flie\u00dft auch das <strong>Lernen auf Distanz<\/strong> in die Bewertung ein, wenn es dazu kommen sollte.<br>\u2022 Sollten Sie in den Ferien in einem <strong>Risikogebiet<\/strong> gewesen sein, beachten Sie bitte die Coronaeinreiseverordnung des Ministeriums f\u00fcr Arbeit, Gesundheit, aus der sich besondere Verpflichtungen f\u00fcr Sch\u00fclerinnen und Sch\u00fcler sowie alle an Schulen t\u00e4tigen Personen ergeben k\u00f6nnen. Weiterf\u00fchrende Informationen sind auf dessen Sonderseite abrufbar unter: <a href=\"https:\/\/www.mags.nrw\/coronavirus\">https:\/\/www.mags.nrw\/coronavirus<\/a>. Die Einstufung als Risikogebiet wird durch das Robert-Koch-Institut fortgeschrieben und ver\u00f6ffentlicht: <a href=\"https:\/\/www.rki.de\/DE\/Content\/InfAZ\/N\/Neuartiges_Coronavirus\/Risikogebiete_neu.html\">https:\/\/www.rki.de\/DE\/Content\/InfAZ\/N\/Neuartiges_Coronavirus\/Risikogebiete_neu.html<\/a><br>\u2022 Bis zu den Herbstferien soll der <strong>Sportunterricht<\/strong> drau\u00dfen stattfinden. Bitte beachten Sie dies bei der Bekleidung an den Tagen, wo Sport im Stundenplan steht. Wir werden kl\u00e4ren, inwieweit wir z.B. den Sportplatz hierf\u00fcr nutzen k\u00f6nnen. Schwimmunterricht wird regul\u00e4r stattfinden.<br>\u2022 Im <strong>Musikunterricht<\/strong> darf drinnen nicht gesungen werden.<br>\u2022 <strong>OGS- und Betreuungsangebote<\/strong> werden im Schuljahr 2020\/2021 im Rahmen der vorhandenen Kapazit\u00e4ten unter Beachtung des schulischen Hygienekonzeptes wieder regul\u00e4r aufgenommen. Hier werden auch feste Gruppen gebildet, die von den Gruppen im Vormittag abweichen k\u00f6nnen.<br>\u2022 <strong>Einschulungsfeiern<\/strong> sind m\u00f6glich, allerdings sind dabei die Vorschriften der CoronaSchVO und der CoronaBetrVO zu beachten. Wir werden 2 getrennte Feiern machen. N\u00e4here Informationen und Uhrzeiten erhalten die Eltern der zuk\u00fcnftigen Erstkl\u00e4ssler im Laufe der Woche per E-Mail. Wir freuen uns schon auf Ihre Kinder!<br>\u2022 <strong>Die schulischen Mitwirkungsgremien<\/strong> d\u00fcrfen wieder tagen.<\/p>\n\n\n\n<p>Alle Kinder der Klassen 2-4 haben am 12.08.2020 Schule von 08.00-11.35 Uhr bei Ihrem Klassenlehrer. Wir starten mit einem Offenen Anfang ab 07.45.<\/p>\n\n\n\n<p><strong>Klasse 3 und 4<\/strong> nutzten bitte den <strong>Haupteingang<\/strong><br><strong>Klasse 2<\/strong> kommt bitte durch den <strong>OGS-Eingang<\/strong><\/p>\n\n\n\n<p>Ihnen und Ihren Familien noch ein paar entspannte Tage! Bei Fragen und Sorgen k\u00f6nnen Sie sich gerne an mich wenden!<\/p>\n\n\n\n<p>Susanne Klein, Schulleiterin<\/p>\n","protected":false},"excerpt":{"rendered":"<p>Liebe Eltern, die Ferien neigen sich ihrem Ende zu und heute erreichten uns die Informationen, wie das kommende Schuljahr starten soll. Die gesamte Mail zum Nachlesen finden Sie hier:https:\/\/www.schulministerium.nrw.de\/docs\/bp\/Ministerium\/Schulverwaltung\/Schulmail\/Archiv-2020\/200803\/index.html Hier aber die wichtigsten Regeln in Kurzform:\u2022 Im gesamten Schulgeb\u00e4ude muss weiterhin ein Mund-Nasenschutz getragen werden. Bitte denken Sie unbedingt daran, ihren Kindern diesen mitzugeben. Vor &hellip; <a href=\"https:\/\/www.ggs-brueggen.de\/?p=4005\" class=\"more-link\"><span class=\"screen-reader-text\">Aktuelles<\/span> weiterlesen <span class=\"meta-nav\">&rarr;<\/span><\/a><\/p>\n","protected":false},"author":3,"featured_media":0,"comment_status":"closed","ping_status":"closed","sticky":false,"template":"","format":"standard","meta":{"footnotes":""},"categories":[1],"tags":[],"class_list":["post-4005","post","type-post","status-publish","format-standard","hentry","category-allgemein"],"_links":{"self":[{"href":"https:\/\/www.ggs-brueggen.de\/index.php?rest_route=\/wp\/v2\/posts\/4005","targetHints":{"allow":["GET"]}}],"collection":[{"href":"https:\/\/www.ggs-brueggen.de\/index.php?rest_route=\/wp\/v2\/posts"}],"about":[{"href":"https:\/\/www.ggs-brueggen.de\/index.php?rest_route=\/wp\/v2\/types\/post"}],"author":[{"embeddable":true,"href":"https:\/\/www.ggs-brueggen.de\/index.php?rest_route=\/wp\/v2\/users\/3"}],"replies":[{"embeddable":true,"href":"https:\/\/www.ggs-brueggen.de\/index.php?rest_route=%2Fwp%2Fv2%2Fcomments&post=4005"}],"version-history":[{"count":1,"href":"https:\/\/www.ggs-brueggen.de\/index.php?rest_route=\/wp\/v2\/posts\/4005\/revisions"}],"predecessor-version":[{"id":4006,"href":"https:\/\/www.ggs-brueggen.de\/index.php?rest_route=\/wp\/v2\/posts\/4005\/revisions\/4006"}],"wp:attachment":[{"href":"https:\/\/www.ggs-brueggen.de\/index.php?rest_route=%2Fwp%2Fv2%2Fmedia&parent=4005"}],"wp:term":[{"taxonomy":"category","embeddable":true,"href":"https:\/\/www.ggs-brueggen.de\/index.php?rest_route=%2Fwp%2Fv2%2Fcategories&post=4005"},{"taxonomy":"post_tag","embeddable":true,"href":"https:\/\/www.ggs-brueggen.de\/index.php?rest_route=%2Fwp%2Fv2%2Ftags&post=4005"}],"curies":[{"name":"wp","href":"https:\/\/api.w.org\/{rel}","templated":true}]}}