{"id":3998,"date":"2020-06-26T15:27:43","date_gmt":"2020-06-26T14:27:43","guid":{"rendered":"http:\/\/www.ggs-brueggen.de\/?p=3998"},"modified":"2020-06-26T15:27:43","modified_gmt":"2020-06-26T14:27:43","slug":"feriengruesse","status":"publish","type":"post","link":"https:\/\/www.ggs-brueggen.de\/?p=3998","title":{"rendered":"Feriengr\u00fc\u00dfe"},"content":{"rendered":"\n<p>Liebe Eltern,<\/p>\n\n\n\n<p>ein turbulentes Schulhalbjahr liegt hinter uns und ich w\u00fcnsche Ihnen und Ihren Familien auf diesem Wege eine erholsame und gesunde Sommerzeit.<\/p>\n\n\n\n<p>Anfang der Woche erreichten uns die aktuellsten Informationen aus dem Ministerium, die darauf hoffen lassen, dass es nach den Ferien (nahezu) normal weitergehen k\u00f6nnte. Vorrangiges Ziel ist es, nach Ma\u00dfgabe der Hygienevorschriften einen geregelten, durchgehenden schulischen Lernprozess im gesamten Schuljahr zu erm\u00f6glichen.<\/p>\n\n\n\n<p>So wird, nach aktuellem Stand, nach den Ferien auch wieder Fachunterricht wie Sport (mit Schwimmunterricht) und Musik erteilt werden. Der Betrieb der offenen Ganztagsschule wird auch wieder mit Mittagessen und allen Angeboten starten. Voraussetzung daf\u00fcr ist immer, dass die personellen Ressourcen und das Infektionsgeschehen in unserem Kreis dies zulassen.<\/p>\n\n\n\n<p>Die gesamte Mail finden Sie hier: <a href=\"https:\/\/www.schulministerium.nrw.de\/docs\/bp\/Ministerium\/Schulverwaltung\/Schulmail\/Archiv-2020\/200623\/index.html\">Schulmail NRW<\/a><\/p>\n\n\n\n<p>Gegen Ende der Ferien werden wir uns an die konkrete Planung begeben, um im neuen Schuljahr f\u00fcr alle Eventualit\u00e4ten gewappnet zu sein (Regelunterricht, Pr\u00e4senzunterricht an einzelnen Tagen und Lernen auf Distanz).<\/p>\n\n\n\n<p>Zun\u00e4chst gehen wir davon aus, dass wir alle Kinder der Klassen 2-4 am 12.08.2020 von 8.00-11.35 Uhr wieder hier begr\u00fc\u00dfen d\u00fcrfen. An diesem Tag erhalten die Kinder ihren neuen Stundenplan.<\/p>\n\n\n\n<p>Bei den neuen Erstkl\u00e4sslern melde ich mich auch gegen Ende der Ferien, wenn die Modalit\u00e4ten f\u00fcr die Einschulungsfeier hoffentlich klarer sind.<\/p>\n\n\n\n<p>\u00c4nderungen, die sich im Laufe der Ferien ergeben, finden Sie dann wie gewohnt hier auf der Homepage!<\/p>\n\n\n\n<p>Unseren 4. Schuljahren w\u00fcnsche ich auch hier nochmal alles Gute f\u00fcr Euren Weg an der weiterf\u00fchrenden Schule. Hier ist noch ein kleiner Eindruck von der Abschiedsfeier gestern in der Schule:<\/p>\n\n\n\n<figure class=\"wp-block-gallery columns-2 is-cropped wp-block-gallery-1 is-layout-flex wp-block-gallery-is-layout-flex\"><ul class=\"blocks-gallery-grid\"><li class=\"blocks-gallery-item\"><figure><img loading=\"lazy\" decoding=\"async\" width=\"1024\" height=\"768\" src=\"https:\/\/www.ggs-brueggen.de\/wp-content\/uploads\/Abschluss4er_1-1024x768.jpg\" alt=\"\" data-id=\"3999\" data-full-url=\"https:\/\/www.ggs-brueggen.de\/wp-content\/uploads\/Abschluss4er_1-scaled.jpg\" data-link=\"https:\/\/www.ggs-brueggen.de\/?attachment_id=3999\" class=\"wp-image-3999\" srcset=\"https:\/\/www.ggs-brueggen.de\/wp-content\/uploads\/Abschluss4er_1-1024x768.jpg 1024w, https:\/\/www.ggs-brueggen.de\/wp-content\/uploads\/Abschluss4er_1-300x225.jpg 300w, https:\/\/www.ggs-brueggen.de\/wp-content\/uploads\/Abschluss4er_1-768x576.jpg 768w, https:\/\/www.ggs-brueggen.de\/wp-content\/uploads\/Abschluss4er_1-1536x1152.jpg 1536w, https:\/\/www.ggs-brueggen.de\/wp-content\/uploads\/Abschluss4er_1-2048x1536.jpg 2048w\" sizes=\"auto, (max-width: 1024px) 100vw, 1024px\" \/><\/figure><\/li><li class=\"blocks-gallery-item\"><figure><img loading=\"lazy\" decoding=\"async\" width=\"1024\" height=\"768\" src=\"https:\/\/www.ggs-brueggen.de\/wp-content\/uploads\/Abschluss4er_2-1024x768.jpg\" alt=\"\" data-id=\"4000\" data-full-url=\"https:\/\/www.ggs-brueggen.de\/wp-content\/uploads\/Abschluss4er_2-scaled.jpg\" data-link=\"https:\/\/www.ggs-brueggen.de\/?attachment_id=4000\" class=\"wp-image-4000\" srcset=\"https:\/\/www.ggs-brueggen.de\/wp-content\/uploads\/Abschluss4er_2-1024x768.jpg 1024w, https:\/\/www.ggs-brueggen.de\/wp-content\/uploads\/Abschluss4er_2-300x225.jpg 300w, https:\/\/www.ggs-brueggen.de\/wp-content\/uploads\/Abschluss4er_2-768x576.jpg 768w, https:\/\/www.ggs-brueggen.de\/wp-content\/uploads\/Abschluss4er_2-1536x1152.jpg 1536w, https:\/\/www.ggs-brueggen.de\/wp-content\/uploads\/Abschluss4er_2-2048x1536.jpg 2048w\" sizes=\"auto, (max-width: 1024px) 100vw, 1024px\" \/><\/figure><\/li><li class=\"blocks-gallery-item\"><figure><img loading=\"lazy\" decoding=\"async\" width=\"1024\" height=\"768\" src=\"https:\/\/www.ggs-brueggen.de\/wp-content\/uploads\/Abschluss4er_3-1024x768.jpg\" alt=\"\" data-id=\"4001\" data-full-url=\"https:\/\/www.ggs-brueggen.de\/wp-content\/uploads\/Abschluss4er_3-scaled.jpg\" data-link=\"https:\/\/www.ggs-brueggen.de\/?attachment_id=4001\" class=\"wp-image-4001\" srcset=\"https:\/\/www.ggs-brueggen.de\/wp-content\/uploads\/Abschluss4er_3-1024x768.jpg 1024w, https:\/\/www.ggs-brueggen.de\/wp-content\/uploads\/Abschluss4er_3-300x225.jpg 300w, https:\/\/www.ggs-brueggen.de\/wp-content\/uploads\/Abschluss4er_3-768x576.jpg 768w, https:\/\/www.ggs-brueggen.de\/wp-content\/uploads\/Abschluss4er_3-1536x1152.jpg 1536w, https:\/\/www.ggs-brueggen.de\/wp-content\/uploads\/Abschluss4er_3-2048x1536.jpg 2048w\" sizes=\"auto, (max-width: 1024px) 100vw, 1024px\" \/><\/figure><\/li><li class=\"blocks-gallery-item\"><figure><img loading=\"lazy\" decoding=\"async\" width=\"1024\" height=\"768\" src=\"https:\/\/www.ggs-brueggen.de\/wp-content\/uploads\/Abschluss4er_4-1024x768.jpg\" alt=\"\" data-id=\"4002\" data-full-url=\"https:\/\/www.ggs-brueggen.de\/wp-content\/uploads\/Abschluss4er_4-scaled.jpg\" data-link=\"https:\/\/www.ggs-brueggen.de\/?attachment_id=4002\" class=\"wp-image-4002\" srcset=\"https:\/\/www.ggs-brueggen.de\/wp-content\/uploads\/Abschluss4er_4-1024x768.jpg 1024w, https:\/\/www.ggs-brueggen.de\/wp-content\/uploads\/Abschluss4er_4-300x225.jpg 300w, https:\/\/www.ggs-brueggen.de\/wp-content\/uploads\/Abschluss4er_4-768x576.jpg 768w, https:\/\/www.ggs-brueggen.de\/wp-content\/uploads\/Abschluss4er_4-1536x1152.jpg 1536w, https:\/\/www.ggs-brueggen.de\/wp-content\/uploads\/Abschluss4er_4-2048x1536.jpg 2048w\" sizes=\"auto, (max-width: 1024px) 100vw, 1024px\" \/><\/figure><\/li><\/ul><\/figure>\n\n\n\n<p>Ich bedanke mich f\u00fcr Ihr Vertrauen und die unterst\u00fctzende und gute Zusammenarbeit in diesem Schuljahr!<\/p>\n\n\n\n<p>Sonnige Gr\u00fc\u00dfe<\/p>\n\n\n\n<p>Susanne Klein, Schulleitung<\/p>\n","protected":false},"excerpt":{"rendered":"<p>Liebe Eltern, ein turbulentes Schulhalbjahr liegt hinter uns und ich w\u00fcnsche Ihnen und Ihren Familien auf diesem Wege eine erholsame und gesunde Sommerzeit. Anfang der Woche erreichten uns die aktuellsten Informationen aus dem Ministerium, die darauf hoffen lassen, dass es nach den Ferien (nahezu) normal weitergehen k\u00f6nnte. Vorrangiges Ziel ist es, nach Ma\u00dfgabe der Hygienevorschriften &hellip; <a href=\"https:\/\/www.ggs-brueggen.de\/?p=3998\" class=\"more-link\"><span class=\"screen-reader-text\">Feriengr\u00fc\u00dfe<\/span> weiterlesen <span class=\"meta-nav\">&rarr;<\/span><\/a><\/p>\n","protected":false},"author":3,"featured_media":0,"comment_status":"closed","ping_status":"closed","sticky":false,"template":"","format":"standard","meta":{"footnotes":""},"categories":[1],"tags":[],"class_list":["post-3998","post","type-post","status-publish","format-standard","hentry","category-allgemein"],"_links":{"self":[{"href":"https:\/\/www.ggs-brueggen.de\/index.php?rest_route=\/wp\/v2\/posts\/3998","targetHints":{"allow":["GET"]}}],"collection":[{"href":"https:\/\/www.ggs-brueggen.de\/index.php?rest_route=\/wp\/v2\/posts"}],"about":[{"href":"https:\/\/www.ggs-brueggen.de\/index.php?rest_route=\/wp\/v2\/types\/post"}],"author":[{"embeddable":true,"href":"https:\/\/www.ggs-brueggen.de\/index.php?rest_route=\/wp\/v2\/users\/3"}],"replies":[{"embeddable":true,"href":"https:\/\/www.ggs-brueggen.de\/index.php?rest_route=%2Fwp%2Fv2%2Fcomments&post=3998"}],"version-history":[{"count":1,"href":"https:\/\/www.ggs-brueggen.de\/index.php?rest_route=\/wp\/v2\/posts\/3998\/revisions"}],"predecessor-version":[{"id":4003,"href":"https:\/\/www.ggs-brueggen.de\/index.php?rest_route=\/wp\/v2\/posts\/3998\/revisions\/4003"}],"wp:attachment":[{"href":"https:\/\/www.ggs-brueggen.de\/index.php?rest_route=%2Fwp%2Fv2%2Fmedia&parent=3998"}],"wp:term":[{"taxonomy":"category","embeddable":true,"href":"https:\/\/www.ggs-brueggen.de\/index.php?rest_route=%2Fwp%2Fv2%2Fcategories&post=3998"},{"taxonomy":"post_tag","embeddable":true,"href":"https:\/\/www.ggs-brueggen.de\/index.php?rest_route=%2Fwp%2Fv2%2Ftags&post=3998"}],"curies":[{"name":"wp","href":"https:\/\/api.w.org\/{rel}","templated":true}]}}