{"id":3981,"date":"2020-06-09T13:49:15","date_gmt":"2020-06-09T12:49:15","guid":{"rendered":"http:\/\/www.ggs-brueggen.de\/?p=3981"},"modified":"2020-06-09T13:49:15","modified_gmt":"2020-06-09T12:49:15","slug":"regulaerer-schulbetrieb-ab-montag-den-15-06-2020","status":"publish","type":"post","link":"https:\/\/www.ggs-brueggen.de\/?p=3981","title":{"rendered":"Regul\u00e4rer Schulbetrieb ab Montag, den 15.06.2020"},"content":{"rendered":"\n<p>Liebe Eltern,<\/p>\n\n\n\n<p>der Plan f\u00fcr die n\u00e4chsten beiden Wochen steht. Alle Klassen haben t\u00e4glich 4 Stunden Schule in ihrem eigenen Klassenraum\u2013 zum Gro\u00dfteil bei den Klassenlehrer\/innen. Wir werden nicht zum Sport oder Schwimmen fahren und Stunden, in denen die Gruppen gemischt werden m\u00fcssen, wie Religion und F\u00f6rderunterricht, entfallen ebenfalls.<\/p>\n\n\n\n<p>Anfangs- und Pausenzeiten sind um jeweils 15 Minuten versetzt, so dass die Klassen m\u00f6glichst unter sich bleiben. Achten Sie daher bitte unbedingt darauf, die Uhrzeiten f\u00fcr Ihr Kind einzuhalten!<\/p>\n\n\n\n<p>F\u00fcr die Wege durch das Schulgeb\u00e4ude besteht weiterhin <strong>Maskenpflicht<\/strong>. Wenn die Kinder alle in ihrer Klasse sind, k\u00f6nnen die Masken abgenommen werden. Trotz der Lockerungen sollen die Kinder w\u00e4hrend des Unterrichts m\u00f6glichst an ihren Pl\u00e4tzen sitzen bleiben.<\/p>\n\n\n\n<p>F\u00fcr Eltern besteht weiterhin ein <strong>Betretungsverbot<\/strong> f\u00fcr die Schule. In dringenden F\u00e4llen k\u00f6nnen Sie das Sekretariat mit Mundschutz aufsuchen.<\/p>\n\n\n\n<p>In der Tabelle finden Sie die Unterrichtszeiten f\u00fcr Ihr Kind:<\/p>\n\n\n\n<figure class=\"wp-block-table\"><table><tbody><tr><td><strong>Klasse<\/strong><\/td><td><strong>Uhrzeit<\/strong><\/td><td><strong>Eingang<\/strong><\/td><td><strong>Letzter Schultag, 26.06.2020<\/strong><\/td><\/tr><tr><td>1a<\/td><td>08.00-11.30 Uhr<\/td><td>OGS-Eingang<\/td><td>08.00-10.45 Uhr<\/td><\/tr><tr><td>1b<\/td><td>08.15.11.45 Uhr<\/td><td>OGS-Eingang<\/td><td>08.15-11.00 Uhr<\/td><\/tr><tr><td>2a<\/td><td>08.30-12.00 Uhr<\/td><td>OGS-Eingang<\/td><td>08.30-11.15 Uhr<\/td><\/tr><tr><td>2b<\/td><td>08.45-12.15 Uhr<\/td><td>OGS-Eingang<\/td><td>08.45-11.30 Uhr<\/td><\/tr><tr><td>3a<\/td><td>08.00-11.30 Uhr<\/td><td>Haupteingang<\/td><td>08.00-10.45 Uhr<\/td><\/tr><tr><td>3b<\/td><td>08.15.11.45 Uhr<\/td><td>Haupteingang<\/td><td>08.15-11.00 Uhr<\/td><\/tr><tr><td>4a<\/td><td>08.30-12.00 Uhr<\/td><td>Haupteingang<\/td><td>08.30-11.15 Uhr<\/td><\/tr><tr><td>4b<\/td><td>08.45-12.15 Uhr<\/td><td>Haupteingang<\/td><td>08.45-11.30 Uhr<\/td><\/tr><\/tbody><\/table><\/figure>\n\n\n\n<p>Die Lehrer sind bereits 15 Minuten vor Unterrichtsbeginn in den R\u00e4umen, so dass die Kinder direkt in ihre Klasse gehen k\u00f6nnen. OGS-Kinder, die zu fr\u00fch kommen, werden in der Aula betreut.<\/p>\n\n\n\n<p>In der <strong>OGS<\/strong> ist es leider weder r\u00e4umlich noch personell m\u00f6glich, 8 getrennte Gruppen einzurichten. Hier werden die Klassen also wie bisher auch in 3 Gruppen zusammengefasst. Die Kinder der <strong>sonstigen Betreuung<\/strong> (8-13-Betreuung) werden in diesen Gruppen mitbetreut.<\/p>\n\n\n\n<p>Gruppe 1:&nbsp;&nbsp;&nbsp;&nbsp;&nbsp;&nbsp; 1a\/1b<\/p>\n\n\n\n<p>Gruppe 2:&nbsp;&nbsp;&nbsp;&nbsp;&nbsp;&nbsp; 2a\/2b<\/p>\n\n\n\n<p>Gruppe 3: &nbsp;&nbsp;&nbsp;&nbsp;&nbsp; 3a\/3b\/4a\/4b<\/p>\n\n\n\n<p>Au\u00dferdem gibt es auch weiterhin <strong>kein Mittagessen<\/strong>, da hier die Hygienebestimmungen nicht eingehalten werden k\u00f6nnen, da wir nur eine Mensa haben, die nicht hintereinander von mehreren Gruppen genutzt werden darf. Die Kinder brauchen also ausreichend Verpflegung.<\/p>\n\n\n\n<p>Bitte entscheiden Sie vor dem Hintergrund dieser Informationen, ob Sie den OGS-Platz unter diesen Umst\u00e4nden wahrnehmen wollen oder ob Sie es f\u00fcr diese beiden Wochen noch anders regeln k\u00f6nnen. Bitte teilen Sie uns bis Freitag ihre Entscheidung mit: <a href=\"mailto:sekretariat@ggs-brueggen.de\">sekretariat@ggs-brueggen.de<\/a><\/p>\n\n\n\n<p>Die OGS-Leitung, Frau Schmidt-Wimmer, wird die Schule leider zum 31.07.2020 aus pers\u00f6nlichen Gr\u00fcnden verlassen. Wir w\u00fcnschen ihr alles Gute f\u00fcr die Zukunft!<\/p>\n\n\n\n<p>Vielen Dank f\u00fcr Ihre Unterst\u00fctzung!<\/p>\n\n\n\n<p>Susanne Klein, Schulleiterin<\/p>\n","protected":false},"excerpt":{"rendered":"<p>Liebe Eltern, der Plan f\u00fcr die n\u00e4chsten beiden Wochen steht. Alle Klassen haben t\u00e4glich 4 Stunden Schule in ihrem eigenen Klassenraum\u2013 zum Gro\u00dfteil bei den Klassenlehrer\/innen. Wir werden nicht zum Sport oder Schwimmen fahren und Stunden, in denen die Gruppen gemischt werden m\u00fcssen, wie Religion und F\u00f6rderunterricht, entfallen ebenfalls. Anfangs- und Pausenzeiten sind um jeweils &hellip; <a href=\"https:\/\/www.ggs-brueggen.de\/?p=3981\" class=\"more-link\"><span class=\"screen-reader-text\">Regul\u00e4rer Schulbetrieb ab Montag, den 15.06.2020<\/span> weiterlesen <span class=\"meta-nav\">&rarr;<\/span><\/a><\/p>\n","protected":false},"author":3,"featured_media":0,"comment_status":"closed","ping_status":"closed","sticky":false,"template":"","format":"standard","meta":{"footnotes":""},"categories":[1],"tags":[],"class_list":["post-3981","post","type-post","status-publish","format-standard","hentry","category-allgemein"],"_links":{"self":[{"href":"https:\/\/www.ggs-brueggen.de\/index.php?rest_route=\/wp\/v2\/posts\/3981","targetHints":{"allow":["GET"]}}],"collection":[{"href":"https:\/\/www.ggs-brueggen.de\/index.php?rest_route=\/wp\/v2\/posts"}],"about":[{"href":"https:\/\/www.ggs-brueggen.de\/index.php?rest_route=\/wp\/v2\/types\/post"}],"author":[{"embeddable":true,"href":"https:\/\/www.ggs-brueggen.de\/index.php?rest_route=\/wp\/v2\/users\/3"}],"replies":[{"embeddable":true,"href":"https:\/\/www.ggs-brueggen.de\/index.php?rest_route=%2Fwp%2Fv2%2Fcomments&post=3981"}],"version-history":[{"count":1,"href":"https:\/\/www.ggs-brueggen.de\/index.php?rest_route=\/wp\/v2\/posts\/3981\/revisions"}],"predecessor-version":[{"id":3982,"href":"https:\/\/www.ggs-brueggen.de\/index.php?rest_route=\/wp\/v2\/posts\/3981\/revisions\/3982"}],"wp:attachment":[{"href":"https:\/\/www.ggs-brueggen.de\/index.php?rest_route=%2Fwp%2Fv2%2Fmedia&parent=3981"}],"wp:term":[{"taxonomy":"category","embeddable":true,"href":"https:\/\/www.ggs-brueggen.de\/index.php?rest_route=%2Fwp%2Fv2%2Fcategories&post=3981"},{"taxonomy":"post_tag","embeddable":true,"href":"https:\/\/www.ggs-brueggen.de\/index.php?rest_route=%2Fwp%2Fv2%2Ftags&post=3981"}],"curies":[{"name":"wp","href":"https:\/\/api.w.org\/{rel}","templated":true}]}}