{"id":3979,"date":"2020-06-05T10:50:14","date_gmt":"2020-06-05T09:50:14","guid":{"rendered":"http:\/\/www.ggs-brueggen.de\/?p=3979"},"modified":"2020-06-05T10:50:14","modified_gmt":"2020-06-05T09:50:14","slug":"wichtige-information","status":"publish","type":"post","link":"https:\/\/www.ggs-brueggen.de\/?p=3979","title":{"rendered":"Wichtige Information"},"content":{"rendered":"\n<p>Liebe Eltern,<\/p>\n\n\n\n<p>heute erreichte uns die 23. Schulmail. Demnach soll am 15.06.2020 die Grundschule nahezu in den Regelbetrieb zur\u00fcckkehren. Alle Kinder haben dann wieder t\u00e4glich Schule. \u00dcber den genauen Stundenplan werden wir Sie im Laufe der n\u00e4chsten Woche informieren. Die Notbetreuung endet am 12.06.2020 und OGS und sonstige Betreuung nehmen ihren Betrieb wieder auf. Sowohl in der Betreuung, als auch im Unterricht kann es jedoch aufgrund der personellen und r\u00e4umlichen Voraussetzungen sowie der Hygienevorschriften weiterhin zu Einschr\u00e4nkungen kommen. Am Montag treffen sich die Schulleitungen aller Kerpener Grundschulen, um die genaue Umsetzung zu besprechen. Mein Kollegium und ich halten Sie auf dem Laufenden!<\/p>\n\n\n\n<p>Ihnen und Ihren Familien ein sch\u00f6nes Wochenende<\/p>\n\n\n\n<p>w\u00fcnscht Susanne Klein, Schulleiterin<\/p>\n","protected":false},"excerpt":{"rendered":"<p>Liebe Eltern, heute erreichte uns die 23. Schulmail. Demnach soll am 15.06.2020 die Grundschule nahezu in den Regelbetrieb zur\u00fcckkehren. Alle Kinder haben dann wieder t\u00e4glich Schule. \u00dcber den genauen Stundenplan werden wir Sie im Laufe der n\u00e4chsten Woche informieren. Die Notbetreuung endet am 12.06.2020 und OGS und sonstige Betreuung nehmen ihren Betrieb wieder auf. Sowohl &hellip; <a href=\"https:\/\/www.ggs-brueggen.de\/?p=3979\" class=\"more-link\"><span class=\"screen-reader-text\">Wichtige Information<\/span> weiterlesen <span class=\"meta-nav\">&rarr;<\/span><\/a><\/p>\n","protected":false},"author":3,"featured_media":0,"comment_status":"closed","ping_status":"closed","sticky":false,"template":"","format":"standard","meta":{"footnotes":""},"categories":[1],"tags":[],"class_list":["post-3979","post","type-post","status-publish","format-standard","hentry","category-allgemein"],"_links":{"self":[{"href":"https:\/\/www.ggs-brueggen.de\/index.php?rest_route=\/wp\/v2\/posts\/3979","targetHints":{"allow":["GET"]}}],"collection":[{"href":"https:\/\/www.ggs-brueggen.de\/index.php?rest_route=\/wp\/v2\/posts"}],"about":[{"href":"https:\/\/www.ggs-brueggen.de\/index.php?rest_route=\/wp\/v2\/types\/post"}],"author":[{"embeddable":true,"href":"https:\/\/www.ggs-brueggen.de\/index.php?rest_route=\/wp\/v2\/users\/3"}],"replies":[{"embeddable":true,"href":"https:\/\/www.ggs-brueggen.de\/index.php?rest_route=%2Fwp%2Fv2%2Fcomments&post=3979"}],"version-history":[{"count":1,"href":"https:\/\/www.ggs-brueggen.de\/index.php?rest_route=\/wp\/v2\/posts\/3979\/revisions"}],"predecessor-version":[{"id":3980,"href":"https:\/\/www.ggs-brueggen.de\/index.php?rest_route=\/wp\/v2\/posts\/3979\/revisions\/3980"}],"wp:attachment":[{"href":"https:\/\/www.ggs-brueggen.de\/index.php?rest_route=%2Fwp%2Fv2%2Fmedia&parent=3979"}],"wp:term":[{"taxonomy":"category","embeddable":true,"href":"https:\/\/www.ggs-brueggen.de\/index.php?rest_route=%2Fwp%2Fv2%2Fcategories&post=3979"},{"taxonomy":"post_tag","embeddable":true,"href":"https:\/\/www.ggs-brueggen.de\/index.php?rest_route=%2Fwp%2Fv2%2Ftags&post=3979"}],"curies":[{"name":"wp","href":"https:\/\/api.w.org\/{rel}","templated":true}]}}