{"id":3972,"date":"2020-06-03T15:06:03","date_gmt":"2020-06-03T14:06:03","guid":{"rendered":"http:\/\/www.ggs-brueggen.de\/?p=3972"},"modified":"2020-06-03T15:06:50","modified_gmt":"2020-06-03T14:06:50","slug":"aktuelles-3","status":"publish","type":"post","link":"https:\/\/www.ggs-brueggen.de\/?p=3972","title":{"rendered":"Aktuelles"},"content":{"rendered":"\n<p>Liebe Eltern,<\/p>\n\n\n\n<p>ab der n\u00e4chsten Woche startet der Leichtathletik-Verband Nordrhein e.V. den KiLa-Summer-Cup!<\/p>\n\n\n\n<p>Bei diesem \u201eLeichtathletik-Wettkampf\u201c f\u00fcr die Altersklasse U8 und U10 k\u00f6nnen sich die Kinder bei verschiedenen Challenges ganz einfach von zu Hause aus vergleichen. Das Ergebnis kann anschlie\u00dfend per Mail oder Whats App an den LVN geschickt werden.<\/p>\n\n\n\n<p>Gestartet wird in 3er Teams.<\/p>\n\n\n\n<p>Ab Montag, den 08.06. wird t\u00e4glich eine Aufgabe (insgesamt 4 St\u00fcck) ver\u00f6ffentlicht. Bis zur darauffolgenden Woche (17.06.) hat man Gelegenheit diese durchzuf\u00fchren und das Ergebnis zu zuschicken. <strong><em>Mitmachen kann jedes Kind, egal ob es im Leichtathletikverein Mitglied ist oder nicht.<\/em><\/strong><\/p>\n\n\n\n<p>Alle Infos und die Ausschreibung sind hier zu finden: <a href=\"https:\/\/urldefense.proofpoint.com\/v2\/url?u=https-3A__lvnordrhein.de_home_kila-2Dsummer-2Dcup&amp;d=DwMFAw&amp;c=4qOg7y6nti53Tamibd6dRIPTX7yDc1fM95Fe3pDczUw&amp;r=grlwWrmWsbQzr7k-e-_X1RB7Q8FXmRqZjnAA_zPV-9dCqWnb9HzhycVg1TEXlNGD&amp;m=DXlMD_5k0POdEI-4gLvXPwOklkhY_QIEjiCWv3V34vU&amp;s=gFI8MVnvwRbsJhGMXhQBNGFragsd54YSYxQgsXFv_j0&amp;e=\">https:\/\/lvnordrhein.de\/home\/kila-summer-cup<\/a><\/p>\n\n\n\n<hr class=\"wp-block-separator is-style-wide\"\/>\n\n\n\n<p>Weiterhin finden Sie <a href=\"https:\/\/www.ggs-brueggen.de\/wp-content\/uploads\/Elterninfo-JuniJuli-2020.pdf\">hier<\/a> das Informationsschreiben der Stadt Kerpen \u00fcber die Elternbeitr\u00e4ge f\u00fcr die Monate Juni und Juli 2020. <\/p>\n\n\n\n<p>Zuletzt m\u00f6chten wir Sie <a href=\"https:\/\/www.ggs-brueggen.de\/wp-content\/uploads\/SchulpsychologischerDienst.pdf\">hier<\/a> noch auf den Schulpsychologischen Dienst aufmerksam machen, der auch in den Sommerferien erreichbar ist.<\/p>\n\n\n\n<p>Herzliche Gr\u00fc\u00dfe,<br>Susanne Klein, Schulleitung<\/p>\n\n\n\n<p><\/p>\n","protected":false},"excerpt":{"rendered":"<p>Liebe Eltern, ab der n\u00e4chsten Woche startet der Leichtathletik-Verband Nordrhein e.V. den KiLa-Summer-Cup! Bei diesem \u201eLeichtathletik-Wettkampf\u201c f\u00fcr die Altersklasse U8 und U10 k\u00f6nnen sich die Kinder bei verschiedenen Challenges ganz einfach von zu Hause aus vergleichen. Das Ergebnis kann anschlie\u00dfend per Mail oder Whats App an den LVN geschickt werden. Gestartet wird in 3er Teams. &hellip; <a href=\"https:\/\/www.ggs-brueggen.de\/?p=3972\" class=\"more-link\"><span class=\"screen-reader-text\">Aktuelles<\/span> weiterlesen <span class=\"meta-nav\">&rarr;<\/span><\/a><\/p>\n","protected":false},"author":3,"featured_media":0,"comment_status":"closed","ping_status":"closed","sticky":false,"template":"","format":"standard","meta":{"footnotes":""},"categories":[1],"tags":[],"class_list":["post-3972","post","type-post","status-publish","format-standard","hentry","category-allgemein"],"_links":{"self":[{"href":"https:\/\/www.ggs-brueggen.de\/index.php?rest_route=\/wp\/v2\/posts\/3972","targetHints":{"allow":["GET"]}}],"collection":[{"href":"https:\/\/www.ggs-brueggen.de\/index.php?rest_route=\/wp\/v2\/posts"}],"about":[{"href":"https:\/\/www.ggs-brueggen.de\/index.php?rest_route=\/wp\/v2\/types\/post"}],"author":[{"embeddable":true,"href":"https:\/\/www.ggs-brueggen.de\/index.php?rest_route=\/wp\/v2\/users\/3"}],"replies":[{"embeddable":true,"href":"https:\/\/www.ggs-brueggen.de\/index.php?rest_route=%2Fwp%2Fv2%2Fcomments&post=3972"}],"version-history":[{"count":3,"href":"https:\/\/www.ggs-brueggen.de\/index.php?rest_route=\/wp\/v2\/posts\/3972\/revisions"}],"predecessor-version":[{"id":3977,"href":"https:\/\/www.ggs-brueggen.de\/index.php?rest_route=\/wp\/v2\/posts\/3972\/revisions\/3977"}],"wp:attachment":[{"href":"https:\/\/www.ggs-brueggen.de\/index.php?rest_route=%2Fwp%2Fv2%2Fmedia&parent=3972"}],"wp:term":[{"taxonomy":"category","embeddable":true,"href":"https:\/\/www.ggs-brueggen.de\/index.php?rest_route=%2Fwp%2Fv2%2Fcategories&post=3972"},{"taxonomy":"post_tag","embeddable":true,"href":"https:\/\/www.ggs-brueggen.de\/index.php?rest_route=%2Fwp%2Fv2%2Ftags&post=3972"}],"curies":[{"name":"wp","href":"https:\/\/api.w.org\/{rel}","templated":true}]}}