{"id":3949,"date":"2020-05-07T14:57:27","date_gmt":"2020-05-07T13:57:27","guid":{"rendered":"http:\/\/www.ggs-brueggen.de\/?p=3949"},"modified":"2020-05-08T13:45:34","modified_gmt":"2020-05-08T12:45:34","slug":"unterrichtszeiten-ab-montag-11-05","status":"publish","type":"post","link":"https:\/\/www.ggs-brueggen.de\/?p=3949","title":{"rendered":"Unterrichtszeiten ab Montag, 11.05."},"content":{"rendered":"\n<p><span style=\"color:#c50407\" class=\"has-inline-color\">Achtung: die Materialausgabe f\u00fcr die <strong>Klassen 1 findet am Montag<\/strong>, den 11.05. von <strong>13:30 Uhr bis 15:30 Uhr<\/strong> statt. F\u00fcr alle anderen Klassen findet <strong>keine Materialausgabe<\/strong> statt!<\/span><\/p>\n\n\n\n<p>Liebe Eltern,<\/p>\n\n\n\n<p>wie Sie gestern aus der Presse erfahren haben, sollen ab Montag alle Klassen wieder tageweise unterrichtet werden. In der Schulmail Nr. 20 hei\u00dft es hierzu: &#8222;Ab Montag, 11. Mai 2020, werden tageweise rollierend alle Jahrg\u00e4nge wieder unterrichtet. Um allen Sch\u00fclerinnen und Sch\u00fclern auch in dieser au\u00dfergew\u00f6hnlichen Zeit einen gleichen Zugang zur Schule zu erm\u00f6glichen, bedeutet dies: Pro Wochentag wird ein Jahrgang in der Schule unterrichtet; am Folgetag der n\u00e4chste Jahrgang.&#8220;<\/p>\n\n\n\n<p>Entgegen unserer urspr\u00fcnglichen Planung darf also tats\u00e4chlich immer <strong>nur ein Jahrgang pro Tag<\/strong> ins Geb\u00e4ude. Ich entschuldige mich (vor allem beim ersten Schuljahr) f\u00fcr die entstandene Verwirrung. Damit alle Kleingruppen die gleichen Voraussetzungen haben, arbeiten wir mit unterschiedlichen Anfangszeiten. Dadurch hat jede Kleingruppe zumindest eine Stunde t\u00e4glich mit der gewohnten Klassenlehrerin bzw. dem gewohnten Klassenlehrer. Alle Kinder haben dadurch bis zu den Sommerferien an 7 Tagen Unterricht im Umfang von 3 Stunden.<\/p>\n\n\n\n<p>Die <strong>Daten und Uhrzeiten<\/strong> entnehmen Sie bitte den angef\u00fcgten Aufstellungen und halten diese unbedingt ein.<\/p>\n\n\n\n<p><a href=\"https:\/\/www.ggs-brueggen.de\/wp-content\/uploads\/Unterricht_Klassen-1.pdf\">Unterricht Klassen 1<\/a><\/p>\n\n\n\n<p><a href=\"https:\/\/www.ggs-brueggen.de\/wp-content\/uploads\/Unterricht_Klassen-2.pdf\">Unterricht Klassen 2<\/a><\/p>\n\n\n\n<p><a href=\"https:\/\/www.ggs-brueggen.de\/wp-content\/uploads\/Unterricht_Klassen-3.pdf\">Unterricht Klassen 3<\/a><\/p>\n\n\n\n<p><a href=\"https:\/\/www.ggs-brueggen.de\/wp-content\/uploads\/Unterricht_Klassen-4.pdf\">Unterricht Klassen 4<\/a><\/p>\n\n\n\n<p>Die <strong>Aufsicht<\/strong> beginnt f\u00fcr jede Gruppe 15 Minuten vor Unterrichtsbeginn, so dass die Kinder direkt in den Raum gehen k\u00f6nnen, in dem ihr Unterricht stattfindet. Auch die <strong>Eing\u00e4nge<\/strong> wurden nochmal ver\u00e4ndert, da es sonst mit den versetzten Pausen zu Zusammenst\u00f6\u00dfen kommen w\u00fcrde.<\/p>\n\n\n\n<p>Die <strong>Notbetreuung<\/strong> l\u00e4uft wie bisher in 2-3 Gruppen weiter. Sollten Sie Ihr Kind hierf\u00fcr noch anmelden wollen\/m\u00fcssen, bedenken Sie bitte, dass es dann auch wieder auf andere Kinder trifft und der Abstand hier nur bedingt eingehalten werden kann. Die Kinder wollen miteinander spielen, besonders, wenn sie lange vor Ort sind.<\/p>\n\n\n\n<p>Ihren <strong>OGS-Platz<\/strong> k\u00f6nnen Sie nur an den Tagen nutzen, an denen Ihr Kind Pr\u00e4senzunterricht in der Schule hat. Diese Kinder werden im Englischraum betreut, da die OGS-R\u00e4ume durch die Notbetreuung belegt sind. Es gelten die gleichen Regeln, wie am Vormittag. Ihr Kind sollte f\u00fcr den Tag dann auch etwas zum Spielen\/Malen\/Basteln mitbringen. Bitte teilen Sie uns umgehend mit, ob Ihr Kind seinen Platz wahrnehmen soll, damit wir die personelle und r\u00e4umliche Situation planen k\u00f6nnen.<\/p>\n\n\n\n<p><strong>Achtung!<\/strong> Ab 11.05.2020 gibt es <strong>kein Mittagessen<\/strong> in der Notbetreuung oder OGS. Die Kinder m\u00fcssen komplett von zu Hause versorgt werden!<\/p>\n\n\n\n<p><br>Bitte geben Sie Ihrem Kind einen <strong>Mund-Nasenschutz<\/strong> oder ein Tuch mit in die Schule. Auf den Wegen im Schulgeb\u00e4ude sollen diese getragen werden. Sobald die Kinder im Klassenzimmer auf dem zugewiesenen Platz sitzen, k\u00f6nnen die Masken ausgezogen werden und an den Haken des Tisches geh\u00e4ngt werden.<\/p>\n\n\n\n<p><br>Wenn Ihr Kind in Bezug auf das Corona-Virus relevante <strong>Vorerkrankungen<\/strong> haben sollte, entscheiden Sie ggf. nach R\u00fccksprache mit Ihrem Arzt, ob f\u00fcr Ihr Kind eine gesundheitsgef\u00e4hrdende Situation durch den Schulbesuch entstehen k\u00f6nnte. Die Pr\u00e4senz im Unterricht ist dann nicht notwendig. Die Art der Vorerkrankung braucht aus Datenschutzgr\u00fcnden nicht genannt werden. Sofern Ihr Kind mit einem Angeh\u00f6rigen (Eltern, Geschwister oder Gro\u00dfeltern) in h\u00e4uslicher Gemeinschaft lebt und bei dem Angeh\u00f6rigen eine Vorerkrankung besteht, kann das Kind ebenfalls vom Pr\u00e4senzunterricht befreit werden. Ich kann ihr Kind dann bis zum 30.06.2020 vom Schulbesuch beurlauben. Bitte melden Sie sich bei mir.<\/p>\n\n\n\n<p><strong>Eltern<\/strong> d\u00fcrfen den Schulhof zu Beginn und zum Ende des Unterrichtes aus Gr\u00fcnden des Infektionsschutzes nicht betreten, bitte verabschieden Sie Ihr Kind am Rand des Schulgel\u00e4ndes.<\/p>\n\n\n\n<p><br>Mit allen Kindern werden die <strong>Hygieneregeln<\/strong> genau besprochen und eine Einhaltung zum Schutze aller auch streng eingefordert. Kinder, die sich, egal aus welchen Gr\u00fcnden, nicht an die besprochenen Hygieneregeln halten, werden vom Unterricht ausgeschlossen! Dies werden wir, zum Schutz der Gesundheit aller anderen Personen in der Schule, sehr konsequent und sofort umsetzen.<\/p>\n\n\n\n<p><br>Die Situation wird f\u00fcr Ihre Kinder sicherlich trotzdem eine riesige Herausforderung darstellen. Das wissen wir und wir sind sehr bem\u00fcht, dass es uns gemeinsam gelingt, den Schulalltag f\u00fcr alle Beteiligten sicher, aber auch angenehm und entlastend zu gestalten. Wir werden Ihre Kinder nicht nur inhaltlich beschulen, sondern werden sie so weit wie m\u00f6glich, auch emotional abholen und begleiten.<\/p>\n\n\n\n<p><br>Wir freuen uns sehr auf ein Wiedersehen mit Ihren Kindern!<\/p>\n\n\n\n<p><br>Bis dahin, das Wichtigste ist nach wie vor:<br>Bleiben Sie gesund!<br>Susanne Klein, Schulleiterin<\/p>\n","protected":false},"excerpt":{"rendered":"<p>Achtung: die Materialausgabe f\u00fcr die Klassen 1 findet am Montag, den 11.05. von 13:30 Uhr bis 15:30 Uhr statt. F\u00fcr alle anderen Klassen findet keine Materialausgabe statt! Liebe Eltern, wie Sie gestern aus der Presse erfahren haben, sollen ab Montag alle Klassen wieder tageweise unterrichtet werden. In der Schulmail Nr. 20 hei\u00dft es hierzu: &#8222;Ab &hellip; <a href=\"https:\/\/www.ggs-brueggen.de\/?p=3949\" class=\"more-link\"><span class=\"screen-reader-text\">Unterrichtszeiten ab Montag, 11.05.<\/span> weiterlesen <span class=\"meta-nav\">&rarr;<\/span><\/a><\/p>\n","protected":false},"author":3,"featured_media":0,"comment_status":"closed","ping_status":"closed","sticky":false,"template":"","format":"standard","meta":{"footnotes":""},"categories":[1],"tags":[],"class_list":["post-3949","post","type-post","status-publish","format-standard","hentry","category-allgemein"],"_links":{"self":[{"href":"https:\/\/www.ggs-brueggen.de\/index.php?rest_route=\/wp\/v2\/posts\/3949","targetHints":{"allow":["GET"]}}],"collection":[{"href":"https:\/\/www.ggs-brueggen.de\/index.php?rest_route=\/wp\/v2\/posts"}],"about":[{"href":"https:\/\/www.ggs-brueggen.de\/index.php?rest_route=\/wp\/v2\/types\/post"}],"author":[{"embeddable":true,"href":"https:\/\/www.ggs-brueggen.de\/index.php?rest_route=\/wp\/v2\/users\/3"}],"replies":[{"embeddable":true,"href":"https:\/\/www.ggs-brueggen.de\/index.php?rest_route=%2Fwp%2Fv2%2Fcomments&post=3949"}],"version-history":[{"count":4,"href":"https:\/\/www.ggs-brueggen.de\/index.php?rest_route=\/wp\/v2\/posts\/3949\/revisions"}],"predecessor-version":[{"id":3953,"href":"https:\/\/www.ggs-brueggen.de\/index.php?rest_route=\/wp\/v2\/posts\/3949\/revisions\/3953"}],"wp:attachment":[{"href":"https:\/\/www.ggs-brueggen.de\/index.php?rest_route=%2Fwp%2Fv2%2Fmedia&parent=3949"}],"wp:term":[{"taxonomy":"category","embeddable":true,"href":"https:\/\/www.ggs-brueggen.de\/index.php?rest_route=%2Fwp%2Fv2%2Fcategories&post=3949"},{"taxonomy":"post_tag","embeddable":true,"href":"https:\/\/www.ggs-brueggen.de\/index.php?rest_route=%2Fwp%2Fv2%2Ftags&post=3949"}],"curies":[{"name":"wp","href":"https:\/\/api.w.org\/{rel}","templated":true}]}}