{"id":3943,"date":"2020-05-06T18:53:25","date_gmt":"2020-05-06T17:53:25","guid":{"rendered":"http:\/\/www.ggs-brueggen.de\/?p=3943"},"modified":"2020-05-06T18:53:25","modified_gmt":"2020-05-06T17:53:25","slug":"kurzes-update","status":"publish","type":"post","link":"https:\/\/www.ggs-brueggen.de\/?p=3943","title":{"rendered":"Kurzes Update"},"content":{"rendered":"\n<p>Liebe Eltern,<br>zun\u00e4chst freuen wir uns an den n\u00e4chsten beiden Tagen auf unsere Viertkl\u00e4ssler. Nach der Pressekonferenz warten wir nun auf die offizielle Mail des Ministeriums und werden morgen mit Hochdruck in die neue Planung bis zu den Sommerferien einsteigen. Sp\u00e4testens am Wochenende wissen Sie dann an welchen Tagen Ihr Kind in die Schule kommen kann.<\/p>\n\n\n\n<p>Zudem finden Sie hier den aktuellen <a href=\"https:\/\/www.ggs-brueggen.de\/wp-content\/uploads\/JUGENDAMT-6.-Newsletter.pdf\">Newsletter des Jugendamts<\/a>.<\/p>\n\n\n\n<p>Ihnen einen entspannten Abend und viele Gr\u00fc\u00dfe,<br>Susanne Klein<\/p>\n","protected":false},"excerpt":{"rendered":"<p>Liebe Eltern,zun\u00e4chst freuen wir uns an den n\u00e4chsten beiden Tagen auf unsere Viertkl\u00e4ssler. Nach der Pressekonferenz warten wir nun auf die offizielle Mail des Ministeriums und werden morgen mit Hochdruck in die neue Planung bis zu den Sommerferien einsteigen. Sp\u00e4testens am Wochenende wissen Sie dann an welchen Tagen Ihr Kind in die Schule kommen kann. &hellip; <a href=\"https:\/\/www.ggs-brueggen.de\/?p=3943\" class=\"more-link\"><span class=\"screen-reader-text\">Kurzes Update<\/span> weiterlesen <span class=\"meta-nav\">&rarr;<\/span><\/a><\/p>\n","protected":false},"author":3,"featured_media":0,"comment_status":"closed","ping_status":"closed","sticky":false,"template":"","format":"standard","meta":{"footnotes":""},"categories":[1],"tags":[],"class_list":["post-3943","post","type-post","status-publish","format-standard","hentry","category-allgemein"],"_links":{"self":[{"href":"https:\/\/www.ggs-brueggen.de\/index.php?rest_route=\/wp\/v2\/posts\/3943","targetHints":{"allow":["GET"]}}],"collection":[{"href":"https:\/\/www.ggs-brueggen.de\/index.php?rest_route=\/wp\/v2\/posts"}],"about":[{"href":"https:\/\/www.ggs-brueggen.de\/index.php?rest_route=\/wp\/v2\/types\/post"}],"author":[{"embeddable":true,"href":"https:\/\/www.ggs-brueggen.de\/index.php?rest_route=\/wp\/v2\/users\/3"}],"replies":[{"embeddable":true,"href":"https:\/\/www.ggs-brueggen.de\/index.php?rest_route=%2Fwp%2Fv2%2Fcomments&post=3943"}],"version-history":[{"count":1,"href":"https:\/\/www.ggs-brueggen.de\/index.php?rest_route=\/wp\/v2\/posts\/3943\/revisions"}],"predecessor-version":[{"id":3944,"href":"https:\/\/www.ggs-brueggen.de\/index.php?rest_route=\/wp\/v2\/posts\/3943\/revisions\/3944"}],"wp:attachment":[{"href":"https:\/\/www.ggs-brueggen.de\/index.php?rest_route=%2Fwp%2Fv2%2Fmedia&parent=3943"}],"wp:term":[{"taxonomy":"category","embeddable":true,"href":"https:\/\/www.ggs-brueggen.de\/index.php?rest_route=%2Fwp%2Fv2%2Fcategories&post=3943"},{"taxonomy":"post_tag","embeddable":true,"href":"https:\/\/www.ggs-brueggen.de\/index.php?rest_route=%2Fwp%2Fv2%2Ftags&post=3943"}],"curies":[{"name":"wp","href":"https:\/\/api.w.org\/{rel}","templated":true}]}}