{"id":3929,"date":"2020-04-30T15:46:40","date_gmt":"2020-04-30T14:46:40","guid":{"rendered":"http:\/\/www.ggs-brueggen.de\/?p=3929"},"modified":"2020-05-01T08:52:10","modified_gmt":"2020-05-01T07:52:10","slug":"neuigkeiten-fuer-naechste-woche","status":"publish","type":"post","link":"https:\/\/www.ggs-brueggen.de\/?p=3929","title":{"rendered":"Neuigkeiten f\u00fcr n\u00e4chste Woche"},"content":{"rendered":"\n<p>Liebe Eltern,<\/p>\n\n\n\n<p>nachdem die Schulmail und die Presse gestern f\u00fcr etwas Verwirrung gesorgt haben, gab es am sp\u00e4ten Abend nochmal eine Klarstellung:<\/p>\n\n\n\n<p><em>&#8222;S\u00e4mtliche in der heutigen SchulMail Nr. 17 beschriebenen weiteren Schritte der Schul\u00f6ffnung f\u00fcr die Klassen 1 bis 3, die fr\u00fchestens ab dem 11. Mai 2020 realisiert w\u00fcrden, stehen unter dem Vorbehalt der noch ausstehenden Beratungen zwischen den Ministerpr\u00e4sidentinnen und Ministerpr\u00e4sidenten mit der Bundeskanzlerin am 6. Mai 2020. Bund und L\u00e4nder m\u00fcssen im Rahmen der n\u00e4chsten Ministerpr\u00e4sidentenkonferenz Mitte n\u00e4chster Woche zuerst die Grundlagen f\u00fcr weitere Schritte schaffen, um ein bundesweit abgestimmtes Vorgehen sicherzustellen. Die heutige Schulmail beschreibt einen f\u00fcr Nordrhein-Westfalen denkbaren Plan, sofern ein solcher \u00d6ffnungsbeschluss von Bund und L\u00e4ndern am 6. Mai 2020 getroffen wird.&#8220;<\/em><\/p>\n\n\n\n<p>Die korrigierte Schulmail finden Sie hier: <a href=\"https:\/\/www.schulministerium.nrw.de\/docs\/bp\/Ministerium\/Schulverwaltung\/Schulmail\/Archiv-2020\/2004302\/index.html\">https:\/\/www.schulministerium.nrw.de\/docs\/bp\/Ministerium\/Schulverwaltung\/Schulmail\/Archiv-2020\/2004302\/index.html<\/a><\/p>\n\n\n\n<p>Wir halten sie auf dem Laufenden!<br>Herzliche Gr\u00fc\u00dfe,<br>das Team der Albert-Schweitzer-Schule<\/p>\n\n\n\n<p><strong>Liebe Eltern,<\/strong><\/p>\n\n\n\n<p><strong>heute Mittag erreichte uns die 17. Schulmail, die uns einigen Planungsspielraum \u00fcberl\u00e4sst. Wir steigen nun sofort in die weitere Planung ein, so dass wir Ihnen mit Ausgabe der Wochenpl\u00e4ne am Montag und Dienstag zu den mittlerweile gewohnten Zeiten hoffentlich alle f\u00fcr Sie wichtigen Informationen zukommen lassen k\u00f6nnen und Sie sich darauf einstellen k\u00f6nnen, an welchen Tagen Ihr Kind Unterricht hat. Sollte Ihr Kind oder jemand in Ihrem Haushalt zur Risikogruppe geh\u00f6ren, nehmen Sie bitte mit mir Kontakt auf. Hier ist eine Beurlaubung vom Pr\u00e4senzunterricht m\u00f6glich.<\/strong><\/p>\n\n\n\n<p><strong>Hier das Wichtigste aus der Mail in Ausz\u00fcgen:<\/strong><\/p>\n\n\n\n<p><em>\u201eEckpunkte f\u00fcr schulische Konzepte<\/em><\/p>\n\n\n\n<ul class=\"wp-block-list\"><li><em>Bis zu den Sommerferien erhalten die Sch\u00fclerinnen und Sch\u00fcler aller vier Jahrgangsstufen den gleichen Zugang zu Schule und Unterricht. Gleichzeitig muss die Notbetreuung weiter angeboten werden.<\/em><\/li><li><em>Wenn Lerngruppen in der Regel zumindest halbiert <span class=\"has-inline-color has-red-color\">(bei uns voraussichtlich gedrittelt)<\/span> werden m\u00fcssen und nicht alle Lehrkr\u00e4fte f\u00fcr Pr\u00e4senzunterricht zur Verf\u00fcgung stehen, dann wird ein solcher Unterricht nur jeweils an einem einzelnen Tag m\u00f6glich sein. Im Laufe einer Woche ergibt sich daraus ein \u201erollierendes\u201c System mit tageweisem Unterricht f\u00fcr nur einzelne Jahrgangsstufen. Dies bedeutet eine Mischung aus Pr\u00e4senzunterricht und Lernen auf Distanz.<\/em><\/li><li><em>Jede Schule passt diese Mindestvorgaben auf ihre individuelle Situation an. Alle Planungen sollen auf Sicherheit ausgelegt sein, so dass bei immer m\u00f6glichen Personalengp\u00e4ssen \u2013 ganz unabh\u00e4ngig von Corona \u2013 keine sofortigen Anpassungen erfolgen m\u00fcssen.<\/em><\/li><li><em>Ein so rollierendes System \u2013 zumal bei Feiertagen und Ferien an Pfingsten \u2013 f\u00fchrt dazu, dass die einzelnen Jahrgangsstufen nicht immer am selben Wochentag in der Schule sein werden. Um Eltern dennoch eine Planungssicherheit f\u00fcr die letzten sieben Schulwochen zu geben, ist ein Unterrichtsplan f\u00fcr alle Jahrg\u00e4nge f\u00fcr die Zeit bis zu den Sommerferien zu erstellen.<\/em><\/li><li><em>Der Umfang des Unterrichts an Pr\u00e4senztagen h\u00e4ngt wesentlich von den M\u00f6glichkeiten der einzelnen Schule ab.<\/em><\/li><li><em>Bei der Pausen- und Wegegestaltung ist unbedingt darauf zu achten, dass nicht alle am Pr\u00e4senztag anwesenden Sch\u00fclerinnen und Sch\u00fcler zum gleichen Zeitpunkt in die Pause gehen, um hier m\u00f6gliche Kontakte zu reduzieren.<\/em><\/li><\/ul>\n\n\n\n<p><em>Soweit die bisherigen Beschl\u00fcsse der Regierungschefinnen und Regierungschefs der L\u00e4nder mit der Bundeskanzlerin sowie der entsprechende Beschluss der Kultusministerkonferenz erwartungsgem\u00e4\u00df \u00fcber den 6. Mai 2020 hinaus Bestand haben, bedeutet das:<\/em><\/p>\n\n\n\n<ul class=\"wp-block-list\"><li><em>Beginn der Schul\u00f6ffnungen am 7. Mai 2020 zun\u00e4chst mit den Viertkl\u00e4sslern,<\/em><\/li><li><em>ab dem 11. Mai ein Jahrgang pro Werktag in der Schule, <\/em><\/li><li><em>an einem Tag so viel Unterricht und Betreuung wie m\u00f6glich,<\/em><\/li><li><em>nach einem festen Plan bis zu den Sommerferien<\/em><\/li><li><em>bei Fortsetzung der Notbetreuung.\u201c<\/em><\/li><\/ul>\n\n\n\n<p><strong>Die komplette Schulmail finden Sie hier:<\/strong><strong><\/strong><\/p>\n\n\n\n<p><a href=\"https:\/\/www.schulministerium.nrw.de\/docs\/bp\/Ministerium\/Schulverwaltung\/Schulmail\/Archiv-2020\/200430\/index.html\">https:\/\/www.schulministerium.nrw.de\/docs\/bp\/Ministerium\/Schulverwaltung\/Schulmail\/Archiv-2020\/200430\/index.html<\/a><\/p>\n\n\n\n<p><em>&nbsp;<\/em><strong>Bis dahin halten Sie durch und haben ein entspanntes Wochenende!<\/strong><\/p>\n\n\n\n<p><strong>Susanne Klein, Schulleiterin<\/strong><strong><\/strong><\/p>\n","protected":false},"excerpt":{"rendered":"<p>Liebe Eltern, nachdem die Schulmail und die Presse gestern f\u00fcr etwas Verwirrung gesorgt haben, gab es am sp\u00e4ten Abend nochmal eine Klarstellung: &#8222;S\u00e4mtliche in der heutigen SchulMail Nr. 17 beschriebenen weiteren Schritte der Schul\u00f6ffnung f\u00fcr die Klassen 1 bis 3, die fr\u00fchestens ab dem 11. Mai 2020 realisiert w\u00fcrden, stehen unter dem Vorbehalt der noch &hellip; <a href=\"https:\/\/www.ggs-brueggen.de\/?p=3929\" class=\"more-link\"><span class=\"screen-reader-text\">Neuigkeiten f\u00fcr n\u00e4chste Woche<\/span> weiterlesen <span class=\"meta-nav\">&rarr;<\/span><\/a><\/p>\n","protected":false},"author":3,"featured_media":0,"comment_status":"closed","ping_status":"closed","sticky":false,"template":"","format":"standard","meta":{"footnotes":""},"categories":[1],"tags":[],"class_list":["post-3929","post","type-post","status-publish","format-standard","hentry","category-allgemein"],"_links":{"self":[{"href":"https:\/\/www.ggs-brueggen.de\/index.php?rest_route=\/wp\/v2\/posts\/3929","targetHints":{"allow":["GET"]}}],"collection":[{"href":"https:\/\/www.ggs-brueggen.de\/index.php?rest_route=\/wp\/v2\/posts"}],"about":[{"href":"https:\/\/www.ggs-brueggen.de\/index.php?rest_route=\/wp\/v2\/types\/post"}],"author":[{"embeddable":true,"href":"https:\/\/www.ggs-brueggen.de\/index.php?rest_route=\/wp\/v2\/users\/3"}],"replies":[{"embeddable":true,"href":"https:\/\/www.ggs-brueggen.de\/index.php?rest_route=%2Fwp%2Fv2%2Fcomments&post=3929"}],"version-history":[{"count":4,"href":"https:\/\/www.ggs-brueggen.de\/index.php?rest_route=\/wp\/v2\/posts\/3929\/revisions"}],"predecessor-version":[{"id":3936,"href":"https:\/\/www.ggs-brueggen.de\/index.php?rest_route=\/wp\/v2\/posts\/3929\/revisions\/3936"}],"wp:attachment":[{"href":"https:\/\/www.ggs-brueggen.de\/index.php?rest_route=%2Fwp%2Fv2%2Fmedia&parent=3929"}],"wp:term":[{"taxonomy":"category","embeddable":true,"href":"https:\/\/www.ggs-brueggen.de\/index.php?rest_route=%2Fwp%2Fv2%2Fcategories&post=3929"},{"taxonomy":"post_tag","embeddable":true,"href":"https:\/\/www.ggs-brueggen.de\/index.php?rest_route=%2Fwp%2Fv2%2Ftags&post=3929"}],"curies":[{"name":"wp","href":"https:\/\/api.w.org\/{rel}","templated":true}]}}