{"id":3916,"date":"2020-04-29T13:14:27","date_gmt":"2020-04-29T12:14:27","guid":{"rendered":"http:\/\/www.ggs-brueggen.de\/?p=3916"},"modified":"2020-04-29T13:14:27","modified_gmt":"2020-04-29T12:14:27","slug":"aktuelles-2","status":"publish","type":"post","link":"https:\/\/www.ggs-brueggen.de\/?p=3916","title":{"rendered":"Aktuelles"},"content":{"rendered":"\n<p>Liebe Eltern,<\/p>\n\n\n\n<p>wie sie vermutlich auch schon aus der Presse erfahren haben, soll der Unterricht f\u00fcr die 4. Klassen nun doch erst am 07.05.2020 beginnen. Hier warte ich noch auf die offizielle Best\u00e4tigung des Ministeriums, in der dann wahrscheinlich auch genaue Angaben f\u00fcr die Unterrichts- und Pausenplanung zu finden sein werden. Diese Mail wird voraussichtlich erst am Wochenende eintreffen, so dass uns die 3 Planungstage bis Donnerstag sehr gelegen kommen.<\/p>\n\n\n\n<p>Daher bleiben die Abholzeiten f\u00fcr die Wochenpl\u00e4ne in der kommenden Woche f\u00fcr alle Klassen bestehen, wie in den letzten beiden Wochen. Die vierten Schuljahre erhalten dann vermutlich am Dienstag gesicherte Informationen, wie es weitergeht.<\/p>\n\n\n\n<p>Auch \u00fcber die \u00d6ffnung des offenen Ganztags wird erst morgen entschieden. Bitte teilen Sie uns aber bereits jetzt mit, ob Sie den OGS-Platz f\u00fcr ihr Kind nutzen wollen\/m\u00fcssen, wenn dies m\u00f6glich sein sollte.<\/p>\n\n\n\n<p>Es tut mir sehr leid, dass ich keine genaueren und detaillierteren Informationen f\u00fcr Sie habe, um Ihnen und Ihren Familien Planungssicherheit zu geben. Ich bin leider auf den Informationsfluss des Ministeriums und die entsprechenden Erlasse angewiesen, um konkrete Angaben und fundierte Aussagen machen zu k\u00f6nnen. Darum bitte ich Sie herzlichst um Ihr Verst\u00e4ndnis. Aber seien Sie gewiss, wir werden gemeinsam unser Bestes geben, dass alle bestehenden und weiteren Ma\u00dfnahmen eingehalten werden.<\/p>\n\n\n\n<p>Sobald es Neuigkeiten gibt, erfahren Sie diese schnellstm\u00f6glich.<\/p>\n\n\n\n<p>Herzliche Gr\u00fc\u00dfe<\/p>\n\n\n\n<p>Susanne Klein<\/p>\n","protected":false},"excerpt":{"rendered":"<p>Liebe Eltern, wie sie vermutlich auch schon aus der Presse erfahren haben, soll der Unterricht f\u00fcr die 4. Klassen nun doch erst am 07.05.2020 beginnen. Hier warte ich noch auf die offizielle Best\u00e4tigung des Ministeriums, in der dann wahrscheinlich auch genaue Angaben f\u00fcr die Unterrichts- und Pausenplanung zu finden sein werden. Diese Mail wird voraussichtlich &hellip; <a href=\"https:\/\/www.ggs-brueggen.de\/?p=3916\" class=\"more-link\"><span class=\"screen-reader-text\">Aktuelles<\/span> weiterlesen <span class=\"meta-nav\">&rarr;<\/span><\/a><\/p>\n","protected":false},"author":3,"featured_media":0,"comment_status":"closed","ping_status":"closed","sticky":false,"template":"","format":"standard","meta":{"footnotes":""},"categories":[1],"tags":[],"class_list":["post-3916","post","type-post","status-publish","format-standard","hentry","category-allgemein"],"_links":{"self":[{"href":"https:\/\/www.ggs-brueggen.de\/index.php?rest_route=\/wp\/v2\/posts\/3916","targetHints":{"allow":["GET"]}}],"collection":[{"href":"https:\/\/www.ggs-brueggen.de\/index.php?rest_route=\/wp\/v2\/posts"}],"about":[{"href":"https:\/\/www.ggs-brueggen.de\/index.php?rest_route=\/wp\/v2\/types\/post"}],"author":[{"embeddable":true,"href":"https:\/\/www.ggs-brueggen.de\/index.php?rest_route=\/wp\/v2\/users\/3"}],"replies":[{"embeddable":true,"href":"https:\/\/www.ggs-brueggen.de\/index.php?rest_route=%2Fwp%2Fv2%2Fcomments&post=3916"}],"version-history":[{"count":1,"href":"https:\/\/www.ggs-brueggen.de\/index.php?rest_route=\/wp\/v2\/posts\/3916\/revisions"}],"predecessor-version":[{"id":3917,"href":"https:\/\/www.ggs-brueggen.de\/index.php?rest_route=\/wp\/v2\/posts\/3916\/revisions\/3917"}],"wp:attachment":[{"href":"https:\/\/www.ggs-brueggen.de\/index.php?rest_route=%2Fwp%2Fv2%2Fmedia&parent=3916"}],"wp:term":[{"taxonomy":"category","embeddable":true,"href":"https:\/\/www.ggs-brueggen.de\/index.php?rest_route=%2Fwp%2Fv2%2Fcategories&post=3916"},{"taxonomy":"post_tag","embeddable":true,"href":"https:\/\/www.ggs-brueggen.de\/index.php?rest_route=%2Fwp%2Fv2%2Ftags&post=3916"}],"curies":[{"name":"wp","href":"https:\/\/api.w.org\/{rel}","templated":true}]}}