{"id":3850,"date":"2020-04-16T13:26:49","date_gmt":"2020-04-16T12:26:49","guid":{"rendered":"http:\/\/www.ggs-brueggen.de\/?p=3850"},"modified":"2020-04-16T13:26:49","modified_gmt":"2020-04-16T12:26:49","slug":"vorgehensweise-ab-montag-20-04","status":"publish","type":"post","link":"https:\/\/www.ggs-brueggen.de\/?p=3850","title":{"rendered":"+++ Vorgehensweise ab Montag, 20.04. +++"},"content":{"rendered":"\n<p>Liebe Eltern,<br>das Ministerium f\u00fcr Schule und Bildung hat uns gestern Abend erneut eine Mail geschickt.<\/p>\n\n\n\n<p>Wesentliche Schlussfolgerungen f\u00fcr die Grundschulen zieht das Ministerium f\u00fcr Schule und Bildung (MSB) wie folgt:<\/p>\n\n\n\n<ul class=\"wp-block-list\"><li>Die bisherige Notbetreuung wird fortgesetzt und in einem angemessenen Umfang auf weitere Bedarfs- und Berufsgruppen ausgeweitet.<\/li><li>Vorgesehen ist dar\u00fcber hinaus, den Schulbetrieb an den Grundschulen am 4. Mai 2020 vorerst ausschlie\u00dflich f\u00fcr den Jahrgang 4 wiederaufzunehmen.<\/li><li>Weitere Erl\u00e4uterungen zu den oben aufgef\u00fchrten Punkten sowie weitere Informationen werden uns im Laufe des heutigen Donnerstag (16.04.20) \u00fcbersendet. Sobald uns neue Informationen vorliegen, werden wir Sie hier informieren.<\/li><\/ul>\n\n\n\n<p>Gerade hat das Kollegium in einer Videokonferenz unser weiteres Vorgehen besprochen. Da wir mittlerweile wissen, dass viele Familien nicht \u00fcber die n\u00f6tige technische Ausstattung verf\u00fcgen, haben wir uns f\u00fcr Wochenpl\u00e4ne entschieden, die wir Ihnen in ausgedruckter Form zur Verf\u00fcgung stellen werden.<\/p>\n\n\n\n<p>Bitte kommen Sie zu den aufgef\u00fchrten Zeiten auf den Schulhof (Zugang vom Wald \u00fcber den Rodderweg) und holen das Materialpaket f\u00fcr ihr Kind ab. <strong>Halten Sie sich dabei bitte unbedingt an die notwendigen Abstands- und Hygieneregeln! <\/strong>Auf dem Schulhof ist daf\u00fcr genug Platz. Neben der Abholung von neuem Material haben die Kinder auch die M\u00f6glichkeit, die Mappe mit den bereits bearbeiteten Materialien in einer Kiste abzugeben, so dass die Lehrerinnen und Lehrer diese nach einer gewissen Ruhezeit kontrollieren k\u00f6nnen. Bitte achten Sie darauf, dass alle abgegebenen Bl\u00e4tter mit dem Namen beschriftet sind.<\/p>\n\n\n\n<p><strong>Klasse 1: Abholzeit Montag, 20.04.2020 zwischen 09.00 und 11.00 Uhr<\/strong><\/p>\n\n\n\n<p><strong>Klasse 2: Abholzeit Dienstag, 21.04.2020 zwischen 10.00 und 12.00 Uhr<\/strong><\/p>\n\n\n\n<p><strong>Klasse 3: Abholzeit Dienstag, 21.04.2020 zwischen 08.00 und 10.00 Uhr<\/strong><\/p>\n\n\n\n<p><strong>Klasse 4: Abholzeit Dienstag, 21.04.2020 zwischen 12.00 und 14.00 Uhr<\/strong><\/p>\n\n\n\n<p>Der Wochenplan soll in der darauffolgenden Woche zu den gleichen Zeiten abgegeben (B\u00fccher und Arbeitshefte bitte behalten!) und gegen einen neuen getauscht werden. Bei R\u00fcckfragen sind die Lehrerinnen und Lehrer \u00fcber die gewohnten E-Mail-Adressen erreichbar und ab Montag ist auch das Sekretariat wieder besetzt.<\/p>\n\n\n\n<p>Der Newsletter erscheint in den n\u00e4chsten beiden Wochen nur einmal w\u00f6chentlich. Hier w\u00fcrden wir uns \u00fcber mehr Resonanz freuen!<\/p>\n\n\n\n<p>Dar\u00fcber hinaus haben wir uns entschieden die <strong>B\u00fccherinsel<\/strong> in der kommenden Woche zweimal f\u00fcr die Ausleihe zu \u00f6ffnen, damit die Kinder sich Lesenachschub besorgen k\u00f6nnen. Alle B\u00fccher werden desinfiziert. Die \u00d6ffnungszeiten sind wie folgt:<\/p>\n\n\n\n<p>Klasse 3 und 4: Montag, 20.04.2020 von 11.45-12.30 Uhr<\/p>\n\n\n\n<p>Klasse 1 und 2: Mittwoch, 22.04.2020 von 11.45-12.30 Uhr<\/p>\n\n\n\n<p>Passen Sie weiter auf sich und Ihre Lieben auf. Wir halten Sie auf dem Laufenden!<\/p>\n\n\n\n<p>Herzliche Gr\u00fc\u00dfe<\/p>\n\n\n\n<p>Susanne Klein, Schulleiterin<\/p>\n","protected":false},"excerpt":{"rendered":"<p>Liebe Eltern,das Ministerium f\u00fcr Schule und Bildung hat uns gestern Abend erneut eine Mail geschickt. Wesentliche Schlussfolgerungen f\u00fcr die Grundschulen zieht das Ministerium f\u00fcr Schule und Bildung (MSB) wie folgt: Die bisherige Notbetreuung wird fortgesetzt und in einem angemessenen Umfang auf weitere Bedarfs- und Berufsgruppen ausgeweitet. Vorgesehen ist dar\u00fcber hinaus, den Schulbetrieb an den Grundschulen &hellip; <a href=\"https:\/\/www.ggs-brueggen.de\/?p=3850\" class=\"more-link\"><span class=\"screen-reader-text\">+++ Vorgehensweise ab Montag, 20.04. +++<\/span> weiterlesen <span class=\"meta-nav\">&rarr;<\/span><\/a><\/p>\n","protected":false},"author":3,"featured_media":0,"comment_status":"closed","ping_status":"closed","sticky":false,"template":"","format":"standard","meta":{"footnotes":""},"categories":[1],"tags":[],"class_list":["post-3850","post","type-post","status-publish","format-standard","hentry","category-allgemein"],"_links":{"self":[{"href":"https:\/\/www.ggs-brueggen.de\/index.php?rest_route=\/wp\/v2\/posts\/3850","targetHints":{"allow":["GET"]}}],"collection":[{"href":"https:\/\/www.ggs-brueggen.de\/index.php?rest_route=\/wp\/v2\/posts"}],"about":[{"href":"https:\/\/www.ggs-brueggen.de\/index.php?rest_route=\/wp\/v2\/types\/post"}],"author":[{"embeddable":true,"href":"https:\/\/www.ggs-brueggen.de\/index.php?rest_route=\/wp\/v2\/users\/3"}],"replies":[{"embeddable":true,"href":"https:\/\/www.ggs-brueggen.de\/index.php?rest_route=%2Fwp%2Fv2%2Fcomments&post=3850"}],"version-history":[{"count":1,"href":"https:\/\/www.ggs-brueggen.de\/index.php?rest_route=\/wp\/v2\/posts\/3850\/revisions"}],"predecessor-version":[{"id":3851,"href":"https:\/\/www.ggs-brueggen.de\/index.php?rest_route=\/wp\/v2\/posts\/3850\/revisions\/3851"}],"wp:attachment":[{"href":"https:\/\/www.ggs-brueggen.de\/index.php?rest_route=%2Fwp%2Fv2%2Fmedia&parent=3850"}],"wp:term":[{"taxonomy":"category","embeddable":true,"href":"https:\/\/www.ggs-brueggen.de\/index.php?rest_route=%2Fwp%2Fv2%2Fcategories&post=3850"},{"taxonomy":"post_tag","embeddable":true,"href":"https:\/\/www.ggs-brueggen.de\/index.php?rest_route=%2Fwp%2Fv2%2Ftags&post=3850"}],"curies":[{"name":"wp","href":"https:\/\/api.w.org\/{rel}","templated":true}]}}