{"id":3823,"date":"2020-04-12T13:18:15","date_gmt":"2020-04-12T12:18:15","guid":{"rendered":"http:\/\/www.ggs-brueggen.de\/?p=3823"},"modified":"2020-04-12T13:40:24","modified_gmt":"2020-04-12T12:40:24","slug":"aufruf-des-buergermeisters-an-die-kerpener-grundschulkinder","status":"publish","type":"post","link":"https:\/\/www.ggs-brueggen.de\/?p=3823","title":{"rendered":"Aufruf des B\u00fcrgermeisters an die Kerpener Grundschulkinder"},"content":{"rendered":"\n<p>Gestern erreichte uns ein Aufruf des B\u00fcrgermeisters, den wir gerne teilen wollen.<\/p>\n\n\n\n<p><em>&#8222;Die derzeitigen allgemeinen Kontaktsperren aufgrund der Corona-Krise haben unseren Alltag erheblich ver\u00e4ndert. F\u00fcr lebens\u00e4ltere Menschen stellen sie aber eine besondere Herausforderung dar.<\/em><\/p>\n\n\n\n<p><em>Leider sind zwei unserer Alten- und Pflegeeinrichtungen, trotz fr\u00fchzeitiger Intervention mit einer speziellen medizinischen Eingreiftruppe des Rhein-Erft-Kreises, sogenannte \u201eHot-Spots\u201c geworden und wir m\u00fcssen in den vier Einrichtungen eine Vielzahl von Infektionsf\u00e4llen und bedauerlicherweise auch Todesf\u00e4llen beklagen.<\/em><\/p>\n\n\n\n<p><em>Die Bewohnerinnen und Bewohner der Pflegeheime leiden momentan am meisten unter dem Kontaktverbot. Besuche finden nicht mehr statt, ehrenamtliche Angebote entfallen, \u00c4ngste entstehen. An dieser Situation wird sich kurzfristig nichts ver\u00e4ndern.<\/em><\/p>\n\n\n\n<p><em>Dies macht uns sehr betroffen. Aus diesem Grund haben wir uns in der Seniorenabteilung und der Feuerwehr Gedanken gemacht, wie wir die Situation verbessern k\u00f6nnen, nach der Pr\u00e4misse \u201eKerpen gelingt gemeinsam!\u201c.<\/em><\/p>\n\n\n\n<p><em>So wurde die Idee geboren, die Kerpener Grundschulkinder aufzufordern, Fr\u00fchlingsbilder f\u00fcr die Heimbewohnerinnen und Heimbewohner zu malen. Diese k\u00f6nnen, wenn die Kinder es w\u00fcnschen, gerne auch mit einem kleinen Gru\u00df versehen werden. Die Bilder k\u00f6nnen dann in der Abteilung Soziales, 50171 Kerpen, Jahnplatz 7C, EG rechts abgegeben werden. Die Pflegeberaterin, Frau Jung, wird die Bilder dann an die Pflegedienste und Pflegeheime weiterleiten.&#8220;<\/em><\/p>\n\n\n\n<p>Wir alle w\u00fcrden uns sehr freuen, wenn viele unserer Grundschulkinder mitmachen und viele bunte Fr\u00fchlingsbilder gestalten und bei der Abteilung Soziales oder bei uns in der Schule abgeben, um den Heimbewohnerinnen und Heimbewohnern eine Freude zu machen. Gerne ver\u00f6ffentlichen wir eure Bilder auch hier auf der Homepage!<\/p>\n\n\n\n<p>Wir w\u00fcnschen allen in dieser herausfordernden Zeit ein frohes Osterfest und bleiben Sie gesund!<\/p>\n","protected":false},"excerpt":{"rendered":"<p>Gestern erreichte uns ein Aufruf des B\u00fcrgermeisters, den wir gerne teilen wollen. &#8222;Die derzeitigen allgemeinen Kontaktsperren aufgrund der Corona-Krise haben unseren Alltag erheblich ver\u00e4ndert. F\u00fcr lebens\u00e4ltere Menschen stellen sie aber eine besondere Herausforderung dar. Leider sind zwei unserer Alten- und Pflegeeinrichtungen, trotz fr\u00fchzeitiger Intervention mit einer speziellen medizinischen Eingreiftruppe des Rhein-Erft-Kreises, sogenannte \u201eHot-Spots\u201c geworden und &hellip; <a href=\"https:\/\/www.ggs-brueggen.de\/?p=3823\" class=\"more-link\"><span class=\"screen-reader-text\">Aufruf des B\u00fcrgermeisters an die Kerpener Grundschulkinder<\/span> weiterlesen <span class=\"meta-nav\">&rarr;<\/span><\/a><\/p>\n","protected":false},"author":3,"featured_media":0,"comment_status":"closed","ping_status":"closed","sticky":false,"template":"","format":"standard","meta":{"footnotes":""},"categories":[1],"tags":[],"class_list":["post-3823","post","type-post","status-publish","format-standard","hentry","category-allgemein"],"_links":{"self":[{"href":"https:\/\/www.ggs-brueggen.de\/index.php?rest_route=\/wp\/v2\/posts\/3823","targetHints":{"allow":["GET"]}}],"collection":[{"href":"https:\/\/www.ggs-brueggen.de\/index.php?rest_route=\/wp\/v2\/posts"}],"about":[{"href":"https:\/\/www.ggs-brueggen.de\/index.php?rest_route=\/wp\/v2\/types\/post"}],"author":[{"embeddable":true,"href":"https:\/\/www.ggs-brueggen.de\/index.php?rest_route=\/wp\/v2\/users\/3"}],"replies":[{"embeddable":true,"href":"https:\/\/www.ggs-brueggen.de\/index.php?rest_route=%2Fwp%2Fv2%2Fcomments&post=3823"}],"version-history":[{"count":4,"href":"https:\/\/www.ggs-brueggen.de\/index.php?rest_route=\/wp\/v2\/posts\/3823\/revisions"}],"predecessor-version":[{"id":3827,"href":"https:\/\/www.ggs-brueggen.de\/index.php?rest_route=\/wp\/v2\/posts\/3823\/revisions\/3827"}],"wp:attachment":[{"href":"https:\/\/www.ggs-brueggen.de\/index.php?rest_route=%2Fwp%2Fv2%2Fmedia&parent=3823"}],"wp:term":[{"taxonomy":"category","embeddable":true,"href":"https:\/\/www.ggs-brueggen.de\/index.php?rest_route=%2Fwp%2Fv2%2Fcategories&post=3823"},{"taxonomy":"post_tag","embeddable":true,"href":"https:\/\/www.ggs-brueggen.de\/index.php?rest_route=%2Fwp%2Fv2%2Ftags&post=3823"}],"curies":[{"name":"wp","href":"https:\/\/api.w.org\/{rel}","templated":true}]}}