{"id":3779,"date":"2020-04-03T12:20:10","date_gmt":"2020-04-03T11:20:10","guid":{"rendered":"http:\/\/www.ggs-brueggen.de\/?p=3779"},"modified":"2020-04-03T12:24:52","modified_gmt":"2020-04-03T11:24:52","slug":"osterferien","status":"publish","type":"post","link":"https:\/\/www.ggs-brueggen.de\/?p=3779","title":{"rendered":"Osterferien"},"content":{"rendered":"\n<p>Liebe Eltern und Kinder,<\/p>\n\n\n\n<p>die Osterferien stehen vor der T\u00fcr. Auch wenn diesmal keine rechte Ferienstimmung aufkommen mag, w\u00fcnschen wir Ihnen und Ihren Familien, dass Sie es schaffen ein wenig zur Ruhe zu kommen und die Momente mit Ihren Lieben zu genie\u00dfen. Wir werden Ihnen in den n\u00e4chsten zwei Wochen von uns aus kein weiteres Arbeitsmaterial zukommen lassen, damit zumindest bei den Kindern ein gewisses Feriengef\u00fchl entsteht. Der Newsletter wird auch in den Ferien zweimal pro Woche erscheinen und das gesamte Kollegium ist weiterhin&nbsp; per Mail f\u00fcr Sie erreichbar. Auch der Anrufbeantworter in der Schule wird mehrmals w\u00f6chentlich abgeh\u00f6rt. Sollten Sie also Fragen, Probleme oder W\u00fcnsche haben, dann melden Sie sich gerne. Schicken Sie uns auch weiterhin Fotos, gemalte Bilder, Audi- oder Videoaufnahmen von Ihren Aktivit\u00e4ten zu Hause zur Ver\u00f6ffentlichung auf der Homepage, damit auch andere Kinder von Ihren Ideen profitieren und Ihre Ergebnisse bewundern k\u00f6nnen.<\/p>\n\n\n\n<p>Au\u00dferdem erreichte uns gerade die 11. Schulmail. Daher hier die f\u00fcr Sie wichtigen Punkte:<\/p>\n\n\n\n<ul class=\"wp-block-list\"><li>Die Kultusministerkonferenz hat beschlossen, dass die <strong>Vergleichsarbeiten VERA 3<\/strong> in diesem Jahr in den L\u00e4ndern freiwillig durchgef\u00fchrt werden k\u00f6nnen. Nordrhein-Westfalen wird einmalig darauf verzichten. Auch eine sp\u00e4tere oder freiwillige Testung ist in diesem Jahr nicht vorgesehen.<\/li><li>Die <strong>Notbetreuung<\/strong> in Schulen wird zur <strong>Abwehr von Kindeswohlgef\u00e4hrdungen<\/strong> erweitert. Die Entscheidung \u00fcber die Notwendigkeit der Aufnahme eines Kindes aus Gr\u00fcnden der Kindeswohlgef\u00e4hrdung in die Notbetreuung ist von der Jugendamtsleitung oder einer von ihr benannten Person zu treffen und zu dokumentieren. Die Abschrift der Entscheidung ist der Schulleitung auszuh\u00e4ndigen.<\/li><li>Die Landesregierung hat am 31. M\u00e4rz 2020 beschlossen, dass das Land zur H\u00e4lfte die f\u00fcr den Monat April anfallenden <strong>Elternbeitr\u00e4ge<\/strong> f\u00fcr Angebote im Rahmen des Erlasses \u201eGebundene und <strong>offene Ganztagsschulen<\/strong> sowie au\u00dferunterrichtliche Ganztags- und Betreuungsangebote in Primarbereich und Sekundarstufe I\u201c (BASS 12-63 Nr. 2) erstattet.\u00a0Die andere H\u00e4lfte tragen gem\u00e4\u00df einer Vereinbarung mit den kommunalen Spitzenverb\u00e4nden die Kommunen selbst. Das Verfahren der Beitragserstattung der Bezirksregierungen an die Kommunen wird derzeit erarbeitet, die Bezirksregierungen werden zeitnah informiert. Die R\u00fcckerstattung der Elternbeitr\u00e4ge erfolgt \u00fcber die Kommunen. R\u00fcckfragen von Eltern hinsichtlich des Zeitpunkts und Verfahrens der R\u00fcckerstattung k\u00f6nnen nur von den Schultr\u00e4gern beantwortet werden.<\/li><li>Der <strong>WDR<\/strong> hat seine <strong>Programmangebote<\/strong> f\u00fcr Kinder und Jugendliche in Abstimmung mit dem Ministerium f\u00fcr Schule und Bildung bereits seit Mitte M\u00e4rz ausgebaut. Auch in den Osterferien wird im WDR-Fernsehen ein Sonderprogramm f\u00fcr Sch\u00fclerinnen und Sch\u00fcler im Grundschulalter ausgestrahlt. Der Sender bietet unter anderem \u201eDie Sendung mit der Maus\u201c, die Serie \u201eRennschwein Rudi R\u00fcssel\u201c, Magazine wie \u201eWissen macht Ah!\u201c, \u201eneuneinhalb\u201c, \u201eKann es Johannes?\u201c sowie auch M\u00e4rchenverfilmungen an. In Abh\u00e4ngigkeit von der weiteren Entwicklung plant der WDR auch f\u00fcr die Zeit nach den Osterferien ein lernorientiertes, moderiertes Sonderprogramm f\u00fcr Kinder und Jugendliche. Gerade in Zeiten eingeschr\u00e4nkter Bewegungsm\u00f6glichkeiten sind Bildungsangebote f\u00fcr Kinder auch in den kommenden Wochen sinnvoll. Klar ist aber auch, dass es sich hierbei um Angebote handelt, denn Ferien sollen auch in diesen Zeiten Ferien bleiben.<\/li><\/ul>\n\n\n\n<p>Nach Ostern soll entschieden werden, ob und wie es nach den Ferien weitergeht. Sobald ich hierzu gesicherte Informationen habe, werde ich Sie auf diesem Weg informieren.<\/p>\n\n\n\n<p>Ich w\u00fcnsche Ihnen sonnige Ostertage und bleiben Sie gesund!<\/p>\n\n\n\n<p>Susanne Klein, Schulleiterin<\/p>\n","protected":false},"excerpt":{"rendered":"<p>Liebe Eltern und Kinder, die Osterferien stehen vor der T\u00fcr. Auch wenn diesmal keine rechte Ferienstimmung aufkommen mag, w\u00fcnschen wir Ihnen und Ihren Familien, dass Sie es schaffen ein wenig zur Ruhe zu kommen und die Momente mit Ihren Lieben zu genie\u00dfen. Wir werden Ihnen in den n\u00e4chsten zwei Wochen von uns aus kein weiteres &hellip; <a href=\"https:\/\/www.ggs-brueggen.de\/?p=3779\" class=\"more-link\"><span class=\"screen-reader-text\">Osterferien<\/span> weiterlesen <span class=\"meta-nav\">&rarr;<\/span><\/a><\/p>\n","protected":false},"author":3,"featured_media":0,"comment_status":"closed","ping_status":"closed","sticky":false,"template":"","format":"standard","meta":{"footnotes":""},"categories":[1],"tags":[],"class_list":["post-3779","post","type-post","status-publish","format-standard","hentry","category-allgemein"],"_links":{"self":[{"href":"https:\/\/www.ggs-brueggen.de\/index.php?rest_route=\/wp\/v2\/posts\/3779","targetHints":{"allow":["GET"]}}],"collection":[{"href":"https:\/\/www.ggs-brueggen.de\/index.php?rest_route=\/wp\/v2\/posts"}],"about":[{"href":"https:\/\/www.ggs-brueggen.de\/index.php?rest_route=\/wp\/v2\/types\/post"}],"author":[{"embeddable":true,"href":"https:\/\/www.ggs-brueggen.de\/index.php?rest_route=\/wp\/v2\/users\/3"}],"replies":[{"embeddable":true,"href":"https:\/\/www.ggs-brueggen.de\/index.php?rest_route=%2Fwp%2Fv2%2Fcomments&post=3779"}],"version-history":[{"count":2,"href":"https:\/\/www.ggs-brueggen.de\/index.php?rest_route=\/wp\/v2\/posts\/3779\/revisions"}],"predecessor-version":[{"id":3781,"href":"https:\/\/www.ggs-brueggen.de\/index.php?rest_route=\/wp\/v2\/posts\/3779\/revisions\/3781"}],"wp:attachment":[{"href":"https:\/\/www.ggs-brueggen.de\/index.php?rest_route=%2Fwp%2Fv2%2Fmedia&parent=3779"}],"wp:term":[{"taxonomy":"category","embeddable":true,"href":"https:\/\/www.ggs-brueggen.de\/index.php?rest_route=%2Fwp%2Fv2%2Fcategories&post=3779"},{"taxonomy":"post_tag","embeddable":true,"href":"https:\/\/www.ggs-brueggen.de\/index.php?rest_route=%2Fwp%2Fv2%2Ftags&post=3779"}],"curies":[{"name":"wp","href":"https:\/\/api.w.org\/{rel}","templated":true}]}}