{"id":3710,"date":"2020-03-25T15:12:32","date_gmt":"2020-03-25T14:12:32","guid":{"rendered":"http:\/\/www.ggs-brueggen.de\/?p=3710"},"modified":"2020-03-26T11:41:56","modified_gmt":"2020-03-26T10:41:56","slug":"spiel-und-sportfest-abgesagt","status":"publish","type":"post","link":"https:\/\/www.ggs-brueggen.de\/?p=3710","title":{"rendered":"Spiel- und Sportfest abgesagt &#8211; weitere Linktipps und Hinweise"},"content":{"rendered":"\n<p>Liebe Eltern,<\/p>\n\n\n\n<p>schweren Herzens muss ich unser geplantes Spiel- und Sportfest am 16.05.2020 absagen. Laut einer Verf\u00fcgung der Bezirksregierung d\u00fcrfen in diesem Schuljahr keine Klassenfahrten, Ausfl\u00fcge und Schulveranstaltungen an au\u00dferschulischen Lernorten mehr durchgef\u00fchrt werden.<\/p>\n\n\n\n<p>Das Kollegium arbeitet gerade an einem Newsletter f\u00fcr die Kinder, der in K\u00fcrze hier ver\u00f6ffentlicht werden wird!  Dieser soll zweimal w\u00f6chentlich erscheinen und den Kindern helfen, in Kontakt zur Schule zu bleiben!<\/p>\n\n\n\n<p class=\"has-text-color has-drop-cap has-medium-orange-color\"><em>Nachtrag zum Newsletter: auf der mobilen Version finden Sie den Newsletter ganz unten auf der Homepage!<\/em><\/p>\n\n\n\n<p>Anbei noch ein Link zu einem  Webinar am Donnerstag, 26.03.2020 der AOK, auf das mich Frau Dieckmann-Emden hingewiesen hat und das Ihnen vielleicht in der jetzigen Situation helfen kann:<\/p>\n\n\n\n<p><a href=\"https:\/\/www.aok.de\/pk\/rh\/inhalt\/corona-in-den-medien-digitaler-elternabend-5\/\">https:\/\/www.aok.de\/pk\/rh\/inhalt\/corona-in-den-medien-digitaler-elternabend-5\/<\/a><\/p>\n\n\n\n<p>Auch die Erziehungsberatungsstelle ist nat\u00fcrlich auch in dieser anspruchsvollen Zeit weiterhin f\u00fcr Sie da: <a href=\"https:\/\/www.beratung-caritasnet.de\/eltern-kinder-und-jugendliche\/erziehungs-und-familienberatung\/unsere-beratung-vor-ort\/familienberatung-in-kerpen\/\">Erziehungsberatungsstelle Kerpen<\/a><\/p>\n\n\n\n<p>Der &#8222;Kinderfresser&#8220;-Autor Klaus Strenge liest ab sofort bei Youtube aus seinem zweiten Buch &#8222;Miro und das dunkle Wasser&#8220;:  <a href=\"https:\/\/www.youtube.com\/watch?v=NajGlBJPPcU\">Miro und das dunkle Wasser &#8211; gelesen von Klaus Strenge<\/a><\/p>\n\n\n\n<p>Abschlie\u00dfend m\u00f6chten wir Sie noch auf eine Aktion aufmerksam machen: momentan werden \u00fcberall in den H\u00e4usern Regenbogenbilder ausgeh\u00e4ngt. Sie verdeutlichen den Kindern, dass \u00fcberall in den H\u00e4usern andere Kinder sind, die zuhause bleiben m\u00fcssen. Vielleicht m\u00f6chten Sie und Ihre Kinder sich ja ebenfalls an dieser Aktion beteiligen. Gerne k\u00f6nnen Sie uns auch ein Foto des Bildes schicken, sodass wir auch auf unserer Homepage viele farbenfrohe Regenbogenbilder ver\u00f6ffentlichen und die anstrengende Zeit etwas bunter gestalten k\u00f6nnen. <a href=\"https:\/\/www.ggs-brueggen.de\/wp-content\/uploads\/Alles_wird_gut_Wir_bleiben_ZuhauseAusmalbild.pdf\">Ausmalbild &#8222;Regenbogen&#8220;<\/a><\/p>\n\n\n\n<p>Herzliche Gr\u00fc\u00dfe<br>Susanne Klein, Schulleiterin\n\n<\/p>\n","protected":false},"excerpt":{"rendered":"<p>Liebe Eltern, schweren Herzens muss ich unser geplantes Spiel- und Sportfest am 16.05.2020 absagen. Laut einer Verf\u00fcgung der Bezirksregierung d\u00fcrfen in diesem Schuljahr keine Klassenfahrten, Ausfl\u00fcge und Schulveranstaltungen an au\u00dferschulischen Lernorten mehr durchgef\u00fchrt werden. Das Kollegium arbeitet gerade an einem Newsletter f\u00fcr die Kinder, der in K\u00fcrze hier ver\u00f6ffentlicht werden wird! Dieser soll zweimal w\u00f6chentlich &hellip; <a href=\"https:\/\/www.ggs-brueggen.de\/?p=3710\" class=\"more-link\"><span class=\"screen-reader-text\">Spiel- und Sportfest abgesagt &#8211; weitere Linktipps und Hinweise<\/span> weiterlesen <span class=\"meta-nav\">&rarr;<\/span><\/a><\/p>\n","protected":false},"author":3,"featured_media":0,"comment_status":"closed","ping_status":"closed","sticky":false,"template":"","format":"standard","meta":{"footnotes":""},"categories":[1],"tags":[],"class_list":["post-3710","post","type-post","status-publish","format-standard","hentry","category-allgemein"],"_links":{"self":[{"href":"https:\/\/www.ggs-brueggen.de\/index.php?rest_route=\/wp\/v2\/posts\/3710","targetHints":{"allow":["GET"]}}],"collection":[{"href":"https:\/\/www.ggs-brueggen.de\/index.php?rest_route=\/wp\/v2\/posts"}],"about":[{"href":"https:\/\/www.ggs-brueggen.de\/index.php?rest_route=\/wp\/v2\/types\/post"}],"author":[{"embeddable":true,"href":"https:\/\/www.ggs-brueggen.de\/index.php?rest_route=\/wp\/v2\/users\/3"}],"replies":[{"embeddable":true,"href":"https:\/\/www.ggs-brueggen.de\/index.php?rest_route=%2Fwp%2Fv2%2Fcomments&post=3710"}],"version-history":[{"count":3,"href":"https:\/\/www.ggs-brueggen.de\/index.php?rest_route=\/wp\/v2\/posts\/3710\/revisions"}],"predecessor-version":[{"id":3721,"href":"https:\/\/www.ggs-brueggen.de\/index.php?rest_route=\/wp\/v2\/posts\/3710\/revisions\/3721"}],"wp:attachment":[{"href":"https:\/\/www.ggs-brueggen.de\/index.php?rest_route=%2Fwp%2Fv2%2Fmedia&parent=3710"}],"wp:term":[{"taxonomy":"category","embeddable":true,"href":"https:\/\/www.ggs-brueggen.de\/index.php?rest_route=%2Fwp%2Fv2%2Fcategories&post=3710"},{"taxonomy":"post_tag","embeddable":true,"href":"https:\/\/www.ggs-brueggen.de\/index.php?rest_route=%2Fwp%2Fv2%2Ftags&post=3710"}],"curies":[{"name":"wp","href":"https:\/\/api.w.org\/{rel}","templated":true}]}}