{"id":3701,"date":"2020-03-20T19:17:11","date_gmt":"2020-03-20T18:17:11","guid":{"rendered":"http:\/\/www.ggs-brueggen.de\/?p=3701"},"modified":"2020-03-25T18:31:13","modified_gmt":"2020-03-25T17:31:13","slug":"neue-informationen-zur-notbetreuung","status":"publish","type":"post","link":"https:\/\/www.ggs-brueggen.de\/?p=3701","title":{"rendered":"+++ Neue Informationen zur Notbetreuung +++"},"content":{"rendered":"\n<p>Kerpen, 21.03.2020<\/p>\n\n\n\n<p>Liebe Eltern,<\/p>\n\n\n\n<p>gestern Nachmittag erreichte uns die 8. Dienstmail zum Umgang mit dem Corona-Virus an Schulen.<br>Den Inhalt m\u00f6chte ich Ihnen hier kurz vorstellen.<\/p>\n\n\n\n<p>Seit dem 18. M\u00e4rz bieten wir an unserer Schule eine sogenannte Notbetreuung an. Diese gilt f\u00fcr Kinder, deren Eltern beide einer T\u00e4tigkeit im Bereich kritischer Infrastrukturen nachgehen. <\/p>\n\n\n\n<p><strong>Ab dem 23. M\u00e4rz<\/strong> wird dieser Anspruch ausgeweitet. Einen Anspruch auf Notbetreuung haben alle Besch\u00e4ftigten unabh\u00e4ngig von der Besch\u00e4ftigung des Partners oder der Partnerin, die in kritischen Infrastrukturen besch\u00e4ftigt sind, dort unabk\u00f6mmlich sind und eine Betreuung im privaten Umfeld nicht gew\u00e4hrleisten k\u00f6nnen.<\/p>\n\n\n\n<p>Voraussetzung auf Anspruch eines Notbetreuungsplatzes hat man demnach:<\/p>\n\n\n\n<!--more-->\n\n\n\n<ol class=\"wp-block-list\"><li>Ein Elternteil ist berufst\u00e4tig im Bereich kritischer Infrastrukturen (siehe Formular Arbeitgeberbescheinigung)<\/li><li>Der Arbeitgeber bescheinigt die Unabk\u00f6mmlichkeit am Arbeitsplatz, keine M\u00f6glichkeit der Betriebsbetreuung, kein Homeoffice und keinen Sonderurlaub <\/li><li>Die Betreuung im privaten Umfeld (z.B. durch Familienangeh\u00f6rige oder Arbeitsgeberma\u00dfnahmen) ist nicht m\u00f6glich.<\/li><\/ol>\n\n\n\n<p>Ebenfalls wird der zeitliche Rahmen f\u00fcr die Notbetreuung ausgeweitet. <br>Ab dem 23.03. bis zum 19.04.2020 steht die Notbetreuung bei bescheinigtem Bedarf auch am Wochenende und an allen Tagen der Osterferien zur Verf\u00fcgung. Ausnahme ist hier die Zeit von Karfreitag bis Ostermontag.<\/p>\n\n\n\n<p>Weitere Informationen finden Sie unter folgendem Link:<br><a href=\"https:\/\/www.schulministerium.nrw.de\/docs\/Recht\/Schulgesundheitsrecht\/Infektionsschutz\/300-Coronavirus\/index.html\">https:\/\/www.schulministerium.nrw.de\/docs\/Recht\/Schulgesundheitsrecht\/Infektionsschutz\/300-Coronavirus\/index.html<\/a><\/p>\n\n\n\n<p><strong>Sollte unter den oben genannten Voraussetzungen Betreuungsbedarf in Ihrer Familie bestehen, dann schreiben Sie bitte auch schon am Wochenende eine Mail an<\/strong> schulleitung@ggs-brueggen.de, damit wir alle n\u00f6tigen Vorkehrungen treffen k\u00f6nnen. <br>Die Formulare finden Sie \u00fcber diesen Link beim Ministerium oder erhalten Sie am Montag in der Schule:<br><a href=\"https:\/\/www.schulministerium.nrw.de\/docs\/Recht\/Schulgesundheitsrecht\/Infektionsschutz\/300-Coronavirus\/Antrag-auf-Betreuung-eines-Kindes-waehrend-des-Ruhens-des-Unterrichts.pdf\">https:\/\/www.schulministerium.nrw.de\/docs\/Recht\/Schulgesundheitsrecht\/Infektionsschutz\/300-Coronavirus\/Antrag-auf-Betreuung-eines-Kindes-waehrend-des-Ruhens-des-Unterrichts.pdf<\/a><\/p>\n\n\n\n<p><br>Bedenken Sie, dass Ihr Kind mit anderen Kindern in der Schule Kontakt haben wird, das k\u00f6nnen wir nicht vermeiden. Bitte schicken Sie Ihr Kind nicht, damit Ihr Kind mehr soziale Kontakte hat oder weil es zu Hause gerade so stressig ist. Ziel der Schulschlie\u00dfung ist die verlangsamte Verbreitung des Virus und dies geht nur durch so wenig soziale Kontakte wie m\u00f6glich. Die Stadt Kerpen hat gestern ein Versammlungsverbot f\u00fcr Gruppen \u00fcber 3 Personen verh\u00e4ngt und dies aus gutem Grund!<br>Bitte nehmen Sie die Betreuung im Sinne eines wirksamen Infektionsschutzes bitte wirklich nur im \u00e4u\u00dfersten Notfall wahr. <br>Wir w\u00fcnschen Ihnen weiterhin, dass Sie und Ihre Familien gesund durch diese angespannte Zeit kommen.<\/p>\n\n\n\n<p>Herzliche Gr\u00fc\u00dfe<\/p>\n\n\n\n<p>Das Team der Albert-Schweitzer-Schule<\/p>\n","protected":false},"excerpt":{"rendered":"<p>Kerpen, 21.03.2020 Liebe Eltern, gestern Nachmittag erreichte uns die 8. Dienstmail zum Umgang mit dem Corona-Virus an Schulen.Den Inhalt m\u00f6chte ich Ihnen hier kurz vorstellen. Seit dem 18. M\u00e4rz bieten wir an unserer Schule eine sogenannte Notbetreuung an. Diese gilt f\u00fcr Kinder, deren Eltern beide einer T\u00e4tigkeit im Bereich kritischer Infrastrukturen nachgehen. Ab dem 23. &hellip; <a href=\"https:\/\/www.ggs-brueggen.de\/?p=3701\" class=\"more-link\"><span class=\"screen-reader-text\">+++ Neue Informationen zur Notbetreuung +++<\/span> weiterlesen <span class=\"meta-nav\">&rarr;<\/span><\/a><\/p>\n","protected":false},"author":3,"featured_media":0,"comment_status":"closed","ping_status":"closed","sticky":false,"template":"","format":"standard","meta":{"footnotes":""},"categories":[1],"tags":[],"class_list":["post-3701","post","type-post","status-publish","format-standard","hentry","category-allgemein"],"_links":{"self":[{"href":"https:\/\/www.ggs-brueggen.de\/index.php?rest_route=\/wp\/v2\/posts\/3701","targetHints":{"allow":["GET"]}}],"collection":[{"href":"https:\/\/www.ggs-brueggen.de\/index.php?rest_route=\/wp\/v2\/posts"}],"about":[{"href":"https:\/\/www.ggs-brueggen.de\/index.php?rest_route=\/wp\/v2\/types\/post"}],"author":[{"embeddable":true,"href":"https:\/\/www.ggs-brueggen.de\/index.php?rest_route=\/wp\/v2\/users\/3"}],"replies":[{"embeddable":true,"href":"https:\/\/www.ggs-brueggen.de\/index.php?rest_route=%2Fwp%2Fv2%2Fcomments&post=3701"}],"version-history":[{"count":3,"href":"https:\/\/www.ggs-brueggen.de\/index.php?rest_route=\/wp\/v2\/posts\/3701\/revisions"}],"predecessor-version":[{"id":3715,"href":"https:\/\/www.ggs-brueggen.de\/index.php?rest_route=\/wp\/v2\/posts\/3701\/revisions\/3715"}],"wp:attachment":[{"href":"https:\/\/www.ggs-brueggen.de\/index.php?rest_route=%2Fwp%2Fv2%2Fmedia&parent=3701"}],"wp:term":[{"taxonomy":"category","embeddable":true,"href":"https:\/\/www.ggs-brueggen.de\/index.php?rest_route=%2Fwp%2Fv2%2Fcategories&post=3701"},{"taxonomy":"post_tag","embeddable":true,"href":"https:\/\/www.ggs-brueggen.de\/index.php?rest_route=%2Fwp%2Fv2%2Ftags&post=3701"}],"curies":[{"name":"wp","href":"https:\/\/api.w.org\/{rel}","templated":true}]}}