{"id":3685,"date":"2020-03-13T14:43:11","date_gmt":"2020-03-13T13:43:11","guid":{"rendered":"http:\/\/www.ggs-brueggen.de\/?p=3685"},"modified":"2020-03-17T19:05:56","modified_gmt":"2020-03-17T18:05:56","slug":"ruhen-des-unterrichts-ab-montag-bis-zum-beginn-der-osterferien","status":"publish","type":"post","link":"https:\/\/www.ggs-brueggen.de\/?p=3685","title":{"rendered":"+++ Ruhen des Unterrichts ab Montag bis zum Beginn der Osterferien +++"},"content":{"rendered":"\n<p>Liebe Eltern der Albert-Schweitzer-Schule,<\/p>\n\n\n\n<p>hiermit erhalten Sie weitere und ganz aktuelle Informationen zum Umgang mit dem Corona-Virus im Schulbereich:<\/p>\n\n\n\n<p>Alle Schulen im Land Nordrhein-Westfalen werden zum 16.03.2020 bis zum Beginn der Osterferien durch die Landesregierung geschlossen. Dies bedeutet, dass bereits am Montag der Unterricht in den Schulen ruht.<\/p>\n\n\n\n<p><strong>\u00dcBERGANGSREGELUNG:&nbsp;<\/strong>Damit Sie als Eltern Gelegenheit haben, sich auf diese Situation einzustellen, k\u00f6nnen Sie bis einschlie\u00dflich Dienstag (17.03.) aus eigener Entscheidung Ihre Kinder zur Schule schicken. Die Schule und OGS stellen an diesen beiden Tagen w\u00e4hrend der \u00fcblichen \u00d6ffnungszeiten eine Betreuung sicher. Bitte geben Sie Ihren Kindern nicht alle Schulsachen wieder mit in die Schule. <strong>Es findet kein Unterricht statt!<\/strong><\/p>\n\n\n\n<p>F\u00fcr diejenigen Eltern, deren Kind heute erkrankt war, besteht die M\u00f6glichkeit, das Arbeitsmaterial&nbsp;am Montagmorgen&nbsp;oder&nbsp;Dienstagmorgen ab 8.00 Uhr abzuholen.<\/p>\n\n\n\n<p>Auch die noch ausstehenden Elternabende sowie die Elternsprechtage und auch die Mitgliederversammlung des F\u00f6rderkreises m\u00fcssen nun leider verschoben werden. Neue Termine erhalten Sie, sobald wir mehr wissen!<\/p>\n\n\n\n<p class=\"has-small-font-size\"><em>Notbetreuung:<\/em><\/p>\n\n\n\n<p class=\"has-small-font-size\"><em>Die Einstellung des Schulbetriebes darf nicht dazu f\u00fchren, dass Eltern, die in unverzichtbaren Funktionsbereichen &#8211; insbesondere im Gesundheitswesen \u2013 arbeiten, wegen der Betreuung ihrer Kinder im Dienst ausfallen. Sollten Sie zu dieser Gruppe geh\u00f6ren, informieren Sie uns bitte am Montag, (16.03.) umgehend, damit wir gemeinsam mit Ihnen eine Betreuungsregelung finden k\u00f6nnen.&nbsp;F\u00fcr alle anderen ist die Schule geschlossen und darf auch nicht betreten werden, um die weitere Ausbreitung des Virus einzud\u00e4mmen.<\/em><\/p>\n\n\n\n<p>Wir werden Sie weiterhin \u00fcber die Homepage auf dem Laufenden halten!<br>Die Pressemitteilung der Stadt Kerpen zur Schlie\u00dfung der Schulen k\u00f6nnen sie <a href=\"https:\/\/www.stadt-kerpen.de\/media\/custom\/1708_13480_1.PDF?1584117179&amp;fbclid=IwAR1M1HPshRzpA_bRp5Djdylh8DNrYURCrp0h9Y-J7Ak63C03aSgHxSEEqZc\">hier <\/a>einsehen. <\/p>\n\n\n\n<p>Ich w\u00fcnsche Ihnen und Ihren Familien ein gutes Durchhalteverm\u00f6gen.<\/p>\n\n\n\n<p>Bleiben Sie bitte gesund!<\/p>\n\n\n\n<p>Susanne Klein, Schulleiterin<\/p>\n","protected":false},"excerpt":{"rendered":"<p>Liebe Eltern der Albert-Schweitzer-Schule, hiermit erhalten Sie weitere und ganz aktuelle Informationen zum Umgang mit dem Corona-Virus im Schulbereich: Alle Schulen im Land Nordrhein-Westfalen werden zum 16.03.2020 bis zum Beginn der Osterferien durch die Landesregierung geschlossen. Dies bedeutet, dass bereits am Montag der Unterricht in den Schulen ruht. \u00dcBERGANGSREGELUNG:&nbsp;Damit Sie als Eltern Gelegenheit haben, sich &hellip; <a href=\"https:\/\/www.ggs-brueggen.de\/?p=3685\" class=\"more-link\"><span class=\"screen-reader-text\">+++ Ruhen des Unterrichts ab Montag bis zum Beginn der Osterferien +++<\/span> weiterlesen <span class=\"meta-nav\">&rarr;<\/span><\/a><\/p>\n","protected":false},"author":3,"featured_media":0,"comment_status":"closed","ping_status":"closed","sticky":false,"template":"","format":"standard","meta":{"footnotes":""},"categories":[1],"tags":[],"class_list":["post-3685","post","type-post","status-publish","format-standard","hentry","category-allgemein"],"_links":{"self":[{"href":"https:\/\/www.ggs-brueggen.de\/index.php?rest_route=\/wp\/v2\/posts\/3685","targetHints":{"allow":["GET"]}}],"collection":[{"href":"https:\/\/www.ggs-brueggen.de\/index.php?rest_route=\/wp\/v2\/posts"}],"about":[{"href":"https:\/\/www.ggs-brueggen.de\/index.php?rest_route=\/wp\/v2\/types\/post"}],"author":[{"embeddable":true,"href":"https:\/\/www.ggs-brueggen.de\/index.php?rest_route=\/wp\/v2\/users\/3"}],"replies":[{"embeddable":true,"href":"https:\/\/www.ggs-brueggen.de\/index.php?rest_route=%2Fwp%2Fv2%2Fcomments&post=3685"}],"version-history":[{"count":6,"href":"https:\/\/www.ggs-brueggen.de\/index.php?rest_route=\/wp\/v2\/posts\/3685\/revisions"}],"predecessor-version":[{"id":3694,"href":"https:\/\/www.ggs-brueggen.de\/index.php?rest_route=\/wp\/v2\/posts\/3685\/revisions\/3694"}],"wp:attachment":[{"href":"https:\/\/www.ggs-brueggen.de\/index.php?rest_route=%2Fwp%2Fv2%2Fmedia&parent=3685"}],"wp:term":[{"taxonomy":"category","embeddable":true,"href":"https:\/\/www.ggs-brueggen.de\/index.php?rest_route=%2Fwp%2Fv2%2Fcategories&post=3685"},{"taxonomy":"post_tag","embeddable":true,"href":"https:\/\/www.ggs-brueggen.de\/index.php?rest_route=%2Fwp%2Fv2%2Ftags&post=3685"}],"curies":[{"name":"wp","href":"https:\/\/api.w.org\/{rel}","templated":true}]}}