{"id":3669,"date":"2020-03-03T11:00:00","date_gmt":"2020-03-03T10:00:00","guid":{"rendered":"http:\/\/www.ggs-brueggen.de\/?p=3669"},"modified":"2020-03-03T16:11:04","modified_gmt":"2020-03-03T15:11:04","slug":"karneval-in-brueggen","status":"publish","type":"post","link":"https:\/\/www.ggs-brueggen.de\/?p=3669","title":{"rendered":"Karneval in Br\u00fcggen"},"content":{"rendered":"\n<p>Wunderbar kost\u00fcmiert und bester Laune feierten auch in diesem Jahr alle Sch\u00fclerinnen und Sch\u00fcler und Lehrerinnen und Lehrer den Karneval an der Albert-Schweitzer-Schule. Nachdem bereits in den Klassen gefeiert wurde trafen sich alle in der Aula, um gemeinsam &#8222;k\u00f6lsche Hits&#8220; zu singen, die Herr Axer auf der Gitarre begleitete. Frau S. Klein moderierte voller jeckem Elan die Veranstaltung. Einzelne Klassen hatten humoristische Beitr\u00e4ge vorbereitet, die alle Anwesenden bestens unterhielten. Nachdem auch der obligatorische Auftritt der KG Rut-Wiess wieder f\u00fcr Stimmung sorgte, folgte mit dem Lehrertanz das Highlight der Veranstaltung. <br>Zum Abschluss schunkelten alle gemeinsam fr\u00f6hlich und gl\u00fcckseelig zum Lied &#8222;Unser Stammbaum&#8220;. Alaaf!<\/p>\n\n\n\n<figure class=\"wp-block-gallery columns-2 is-cropped wp-block-gallery-1 is-layout-flex wp-block-gallery-is-layout-flex\"><ul class=\"blocks-gallery-grid\"><li class=\"blocks-gallery-item\"><figure><img loading=\"lazy\" decoding=\"async\" width=\"576\" height=\"1024\" src=\"https:\/\/www.ggs-brueggen.de\/wp-content\/uploads\/Alaaf_Susanne-576x1024.jpg\" alt=\"\" data-id=\"3670\" data-full-url=\"https:\/\/www.ggs-brueggen.de\/wp-content\/uploads\/Alaaf_Susanne.jpg\" data-link=\"https:\/\/www.ggs-brueggen.de\/?attachment_id=3670\" class=\"wp-image-3670\" srcset=\"https:\/\/www.ggs-brueggen.de\/wp-content\/uploads\/Alaaf_Susanne-576x1024.jpg 576w, https:\/\/www.ggs-brueggen.de\/wp-content\/uploads\/Alaaf_Susanne-169x300.jpg 169w, https:\/\/www.ggs-brueggen.de\/wp-content\/uploads\/Alaaf_Susanne-768x1365.jpg 768w, https:\/\/www.ggs-brueggen.de\/wp-content\/uploads\/Alaaf_Susanne-864x1536.jpg 864w, https:\/\/www.ggs-brueggen.de\/wp-content\/uploads\/Alaaf_Susanne.jpg 900w\" sizes=\"auto, (max-width: 576px) 100vw, 576px\" \/><\/figure><\/li><li class=\"blocks-gallery-item\"><figure><img loading=\"lazy\" decoding=\"async\" width=\"576\" height=\"1024\" src=\"https:\/\/www.ggs-brueggen.de\/wp-content\/uploads\/Lehrertanz-576x1024.jpg\" alt=\"\" data-id=\"3672\" data-full-url=\"https:\/\/www.ggs-brueggen.de\/wp-content\/uploads\/Lehrertanz.jpg\" data-link=\"https:\/\/www.ggs-brueggen.de\/?attachment_id=3672\" class=\"wp-image-3672\" srcset=\"https:\/\/www.ggs-brueggen.de\/wp-content\/uploads\/Lehrertanz-576x1024.jpg 576w, https:\/\/www.ggs-brueggen.de\/wp-content\/uploads\/Lehrertanz-169x300.jpg 169w, https:\/\/www.ggs-brueggen.de\/wp-content\/uploads\/Lehrertanz-768x1365.jpg 768w, https:\/\/www.ggs-brueggen.de\/wp-content\/uploads\/Lehrertanz-864x1536.jpg 864w, https:\/\/www.ggs-brueggen.de\/wp-content\/uploads\/Lehrertanz.jpg 900w\" sizes=\"auto, (max-width: 576px) 100vw, 576px\" \/><\/figure><\/li><li class=\"blocks-gallery-item\"><figure><img loading=\"lazy\" decoding=\"async\" width=\"1024\" height=\"576\" src=\"https:\/\/www.ggs-brueggen.de\/wp-content\/uploads\/Karneval_4a-1024x576.jpg\" alt=\"\" data-id=\"3671\" data-full-url=\"https:\/\/www.ggs-brueggen.de\/wp-content\/uploads\/Karneval_4a.jpg\" data-link=\"https:\/\/www.ggs-brueggen.de\/?attachment_id=3671\" class=\"wp-image-3671\" srcset=\"https:\/\/www.ggs-brueggen.de\/wp-content\/uploads\/Karneval_4a-1024x576.jpg 1024w, https:\/\/www.ggs-brueggen.de\/wp-content\/uploads\/Karneval_4a-300x169.jpg 300w, https:\/\/www.ggs-brueggen.de\/wp-content\/uploads\/Karneval_4a-768x432.jpg 768w, https:\/\/www.ggs-brueggen.de\/wp-content\/uploads\/Karneval_4a-1536x864.jpg 1536w, https:\/\/www.ggs-brueggen.de\/wp-content\/uploads\/Karneval_4a.jpg 1600w\" sizes=\"auto, (max-width: 1024px) 100vw, 1024px\" \/><\/figure><\/li><\/ul><\/figure>\n","protected":false},"excerpt":{"rendered":"<p>Wunderbar kost\u00fcmiert und bester Laune feierten auch in diesem Jahr alle Sch\u00fclerinnen und Sch\u00fcler und Lehrerinnen und Lehrer den Karneval an der Albert-Schweitzer-Schule. Nachdem bereits in den Klassen gefeiert wurde trafen sich alle in der Aula, um gemeinsam &#8222;k\u00f6lsche Hits&#8220; zu singen, die Herr Axer auf der Gitarre begleitete. Frau S. Klein moderierte voller jeckem &hellip; <a href=\"https:\/\/www.ggs-brueggen.de\/?p=3669\" class=\"more-link\"><span class=\"screen-reader-text\">Karneval in Br\u00fcggen<\/span> weiterlesen <span class=\"meta-nav\">&rarr;<\/span><\/a><\/p>\n","protected":false},"author":3,"featured_media":0,"comment_status":"closed","ping_status":"closed","sticky":false,"template":"","format":"standard","meta":{"footnotes":""},"categories":[1],"tags":[],"class_list":["post-3669","post","type-post","status-publish","format-standard","hentry","category-allgemein"],"_links":{"self":[{"href":"https:\/\/www.ggs-brueggen.de\/index.php?rest_route=\/wp\/v2\/posts\/3669","targetHints":{"allow":["GET"]}}],"collection":[{"href":"https:\/\/www.ggs-brueggen.de\/index.php?rest_route=\/wp\/v2\/posts"}],"about":[{"href":"https:\/\/www.ggs-brueggen.de\/index.php?rest_route=\/wp\/v2\/types\/post"}],"author":[{"embeddable":true,"href":"https:\/\/www.ggs-brueggen.de\/index.php?rest_route=\/wp\/v2\/users\/3"}],"replies":[{"embeddable":true,"href":"https:\/\/www.ggs-brueggen.de\/index.php?rest_route=%2Fwp%2Fv2%2Fcomments&post=3669"}],"version-history":[{"count":1,"href":"https:\/\/www.ggs-brueggen.de\/index.php?rest_route=\/wp\/v2\/posts\/3669\/revisions"}],"predecessor-version":[{"id":3673,"href":"https:\/\/www.ggs-brueggen.de\/index.php?rest_route=\/wp\/v2\/posts\/3669\/revisions\/3673"}],"wp:attachment":[{"href":"https:\/\/www.ggs-brueggen.de\/index.php?rest_route=%2Fwp%2Fv2%2Fmedia&parent=3669"}],"wp:term":[{"taxonomy":"category","embeddable":true,"href":"https:\/\/www.ggs-brueggen.de\/index.php?rest_route=%2Fwp%2Fv2%2Fcategories&post=3669"},{"taxonomy":"post_tag","embeddable":true,"href":"https:\/\/www.ggs-brueggen.de\/index.php?rest_route=%2Fwp%2Fv2%2Ftags&post=3669"}],"curies":[{"name":"wp","href":"https:\/\/api.w.org\/{rel}","templated":true}]}}