{"id":3666,"date":"2020-02-27T18:05:20","date_gmt":"2020-02-27T17:05:20","guid":{"rendered":"http:\/\/www.ggs-brueggen.de\/?p=3666"},"modified":"2020-02-27T18:05:20","modified_gmt":"2020-02-27T17:05:20","slug":"informationen-zum-coronavirus","status":"publish","type":"post","link":"https:\/\/www.ggs-brueggen.de\/?p=3666","title":{"rendered":"Informationen zum Coronavirus"},"content":{"rendered":"\n<p>Liebe Eltern,<\/p>\n\n\n\n<p>der Landrat Herr Kreuzberg hat uns heute morgen informiert. Wie aus dem Schreiben hervorgeht, gibt es aktuell <strong>keinen best\u00e4tigen Verdachtsfall<\/strong> im Rhein-Erft-Kreis. Trotzdem ist ein Krisenstab aktiviert worden, um z\u00fcgig auf jede Situation  vorbereitet zu sein.<\/p>\n\n\n\n<p>Falls Symptome einer Erkrankung auftreten, sollten sich die Personen nicht in \u00f6ffentliche Einrichtungen und in gr\u00f6\u00dfere Menschenansammlungen begeben. Um eine etwaige Ausbreitung des Virus zu vermeiden, sollten \u00c4rzte erst nach telefonischer Absprache aufgesucht werden.<\/p>\n\n\n\n<p>In Bezug auf unsere Schule bitte ich Sie, mit Ihrem Kind noch einmal zu besprechen, wie man sich gr\u00fcndlich die H\u00e4nde w\u00e4scht, einen Seifenspender gibt es auf jeder Toilette.<\/p>\n\n\n\n<p>Das Gesundheitsministerium des Landes NRW hat ein B\u00fcrgertelefon unter der Nummer 0211 \/ 855 4774 eingerichtet, das bei entsprechendem Informationsbedarf in Anspruch genommen werden sollte.<\/p>\n\n\n\n<p>Weitere Informationen finden Sie hier: &#8222;<a href=\"https:\/\/www.ggs-brueggen.de\/wp-content\/uploads\/FAQ-Corona.pdf\">FAQ-Liste<\/a>&#8220; <\/p>\n\n\n\n<p>Mit freundlichem Gru\u00df,<br>Susanne Klein<br>Schulleitung<\/p>\n","protected":false},"excerpt":{"rendered":"<p>Liebe Eltern, der Landrat Herr Kreuzberg hat uns heute morgen informiert. Wie aus dem Schreiben hervorgeht, gibt es aktuell keinen best\u00e4tigen Verdachtsfall im Rhein-Erft-Kreis. Trotzdem ist ein Krisenstab aktiviert worden, um z\u00fcgig auf jede Situation vorbereitet zu sein. Falls Symptome einer Erkrankung auftreten, sollten sich die Personen nicht in \u00f6ffentliche Einrichtungen und in gr\u00f6\u00dfere Menschenansammlungen &hellip; <a href=\"https:\/\/www.ggs-brueggen.de\/?p=3666\" class=\"more-link\"><span class=\"screen-reader-text\">Informationen zum Coronavirus<\/span> weiterlesen <span class=\"meta-nav\">&rarr;<\/span><\/a><\/p>\n","protected":false},"author":3,"featured_media":0,"comment_status":"closed","ping_status":"closed","sticky":false,"template":"","format":"standard","meta":{"footnotes":""},"categories":[1],"tags":[],"class_list":["post-3666","post","type-post","status-publish","format-standard","hentry","category-allgemein"],"_links":{"self":[{"href":"https:\/\/www.ggs-brueggen.de\/index.php?rest_route=\/wp\/v2\/posts\/3666","targetHints":{"allow":["GET"]}}],"collection":[{"href":"https:\/\/www.ggs-brueggen.de\/index.php?rest_route=\/wp\/v2\/posts"}],"about":[{"href":"https:\/\/www.ggs-brueggen.de\/index.php?rest_route=\/wp\/v2\/types\/post"}],"author":[{"embeddable":true,"href":"https:\/\/www.ggs-brueggen.de\/index.php?rest_route=\/wp\/v2\/users\/3"}],"replies":[{"embeddable":true,"href":"https:\/\/www.ggs-brueggen.de\/index.php?rest_route=%2Fwp%2Fv2%2Fcomments&post=3666"}],"version-history":[{"count":1,"href":"https:\/\/www.ggs-brueggen.de\/index.php?rest_route=\/wp\/v2\/posts\/3666\/revisions"}],"predecessor-version":[{"id":3668,"href":"https:\/\/www.ggs-brueggen.de\/index.php?rest_route=\/wp\/v2\/posts\/3666\/revisions\/3668"}],"wp:attachment":[{"href":"https:\/\/www.ggs-brueggen.de\/index.php?rest_route=%2Fwp%2Fv2%2Fmedia&parent=3666"}],"wp:term":[{"taxonomy":"category","embeddable":true,"href":"https:\/\/www.ggs-brueggen.de\/index.php?rest_route=%2Fwp%2Fv2%2Fcategories&post=3666"},{"taxonomy":"post_tag","embeddable":true,"href":"https:\/\/www.ggs-brueggen.de\/index.php?rest_route=%2Fwp%2Fv2%2Ftags&post=3666"}],"curies":[{"name":"wp","href":"https:\/\/api.w.org\/{rel}","templated":true}]}}