{"id":3639,"date":"2020-01-28T23:11:46","date_gmt":"2020-01-28T22:11:46","guid":{"rendered":"http:\/\/www.ggs-brueggen.de\/?p=3639"},"modified":"2020-01-28T23:11:46","modified_gmt":"2020-01-28T22:11:46","slug":"albert-schweitzer-tag-2020","status":"publish","type":"post","link":"https:\/\/www.ggs-brueggen.de\/?p=3639","title":{"rendered":"Albert-Schweitzer-Tag 2020"},"content":{"rendered":"\n<p>Am 14.01.2020 fand der Albert-Schweitzer Tag in\nunserer Schule statt, da sie seinen Namen tr\u00e4gt und er am 14. Januar im Jahre 1875\ngeboren wurde.<\/p>\n\n\n\n<p>Schweitzer, der in Deutschland Organist und Arzt war, traf eines Tages eine wichtige Entscheidung: Er wollte seinem Leitspruch \u201eEhrfurcht vor dem Leben\u201c in seinem Leben mehr Raum geben. Dies setzte er in die Tat um. Er gab sein bisheriges Leben auf, ging zusammen mit seiner Ehefrau Helene Bresslau, einer Krankenschwester, nach Gabun (Westafrika) und wurde in der Ortschaft Lambarene Urwaldarzt. Schweitzer begann damit, einen alten H\u00fchnerstall in eine Krankenstation umzubauen. Geld sammelte er in Deutschland, indem er dort hin und wieder Orgelkonzerte gab. Nach und nach wurde aus der Krankenstation ein anerkanntes Krankenhaus, in dem heute noch viele Kranke behandelt werden. Im Jahre 1965 starb Albert Schweitzer. Sein Grab kann in Lambarene besucht werden.<\/p>\n\n\n\n<p>An unserem Albert-Schweitzer Tag sowie schon Tage zuvor in Projektgruppen besch\u00e4ftigten sich die Kinder mit der Person Albert Schweitzers, mit seinem Leben und seinem Werk der N\u00e4chstenliebe.<\/p>\n\n\n\n<!--more-->\n\n\n\n<p>Jede Klassenstufe bearbeitete ein anderes Thema:<\/p>\n\n\n\n<ul class=\"wp-block-list\"><li>Klasse 1: Die Kindheit Albert Schweitzers<\/li><li>Klasse 2: Albert Schweitzers wichtige Entscheidung <\/li><li>Klasse 3: Das Leben Albert Schweitzers <\/li><li>Klasse 4: Philosophie und Zitate von Albert Schweitzer <\/li><\/ul>\n\n\n\n<p>An diesem Tag gab es zwei fast 1,5-st\u00fcndige Veranstaltungen in der Aula jeweils f\u00fcr die a-Klassen und b-Klassen getrennt. Frau S. Klein brachte zu Beginn einige Meilensteine Schweitzers anhand einer Powerpoint-Pr\u00e4sentation zur Ansicht und zu Geh\u00f6r, die die Kinder aufmerksam verfolgten. Anschlie\u00dfend pr\u00e4sentierten die einzelnen Klassen gruppenweise ihre Arbeitsergebnisse mit Hilfe selbst gestalteter Plakate, die anschlie\u00dfend im Eingangsbereich der Schule betrachtet werden konnten.<\/p>\n\n\n\n<p>Die Veranstaltung wurde durch Lieder, die zum\nLeitspruch Schweitzers passen, aufgelockert (Eine Hand voll Erde, Ich will Kind\nsein, Albert-Schweitzer-Lied).<\/p>\n\n\n\n<p>Zu guter Letzt wurden die Spendengelder der Kinder zugunsten des Krankenhauses in Lambarene eingesammelt. Es kamen \u00fcber 300 \u20ac zusammen. Vielen Dank daf\u00fcr!<\/p>\n\n\n\n<p>Es war f\u00fcr alle ein sch\u00f6ner und informativer Tag!<\/p>\n\n\n\n<figure class=\"wp-block-gallery columns-2 is-cropped wp-block-gallery-1 is-layout-flex wp-block-gallery-is-layout-flex\"><ul class=\"blocks-gallery-grid\"><li class=\"blocks-gallery-item\"><figure><img loading=\"lazy\" decoding=\"async\" width=\"564\" height=\"423\" src=\"https:\/\/www.ggs-brueggen.de\/wp-content\/uploads\/AST_1.png\" alt=\"\" data-id=\"3640\" data-full-url=\"https:\/\/www.ggs-brueggen.de\/wp-content\/uploads\/AST_1.png\" data-link=\"https:\/\/www.ggs-brueggen.de\/?attachment_id=3640\" class=\"wp-image-3640\" srcset=\"https:\/\/www.ggs-brueggen.de\/wp-content\/uploads\/AST_1.png 564w, https:\/\/www.ggs-brueggen.de\/wp-content\/uploads\/AST_1-300x225.png 300w\" sizes=\"auto, (max-width: 564px) 100vw, 564px\" \/><\/figure><\/li><li class=\"blocks-gallery-item\"><figure><img loading=\"lazy\" decoding=\"async\" width=\"507\" height=\"380\" src=\"https:\/\/www.ggs-brueggen.de\/wp-content\/uploads\/AST_2.png\" alt=\"\" data-id=\"3641\" data-full-url=\"https:\/\/www.ggs-brueggen.de\/wp-content\/uploads\/AST_2.png\" data-link=\"https:\/\/www.ggs-brueggen.de\/?attachment_id=3641\" class=\"wp-image-3641\" srcset=\"https:\/\/www.ggs-brueggen.de\/wp-content\/uploads\/AST_2.png 507w, https:\/\/www.ggs-brueggen.de\/wp-content\/uploads\/AST_2-300x225.png 300w\" sizes=\"auto, (max-width: 507px) 100vw, 507px\" \/><\/figure><\/li><li class=\"blocks-gallery-item\"><figure><img loading=\"lazy\" decoding=\"async\" width=\"597\" height=\"448\" src=\"https:\/\/www.ggs-brueggen.de\/wp-content\/uploads\/AST_3.png\" alt=\"\" data-id=\"3642\" data-full-url=\"https:\/\/www.ggs-brueggen.de\/wp-content\/uploads\/AST_3.png\" data-link=\"https:\/\/www.ggs-brueggen.de\/?attachment_id=3642\" class=\"wp-image-3642\" srcset=\"https:\/\/www.ggs-brueggen.de\/wp-content\/uploads\/AST_3.png 597w, https:\/\/www.ggs-brueggen.de\/wp-content\/uploads\/AST_3-300x225.png 300w\" sizes=\"auto, (max-width: 597px) 100vw, 597px\" \/><\/figure><\/li><\/ul><\/figure>\n","protected":false},"excerpt":{"rendered":"<p>Am 14.01.2020 fand der Albert-Schweitzer Tag in unserer Schule statt, da sie seinen Namen tr\u00e4gt und er am 14. Januar im Jahre 1875 geboren wurde. Schweitzer, der in Deutschland Organist und Arzt war, traf eines Tages eine wichtige Entscheidung: Er wollte seinem Leitspruch \u201eEhrfurcht vor dem Leben\u201c in seinem Leben mehr Raum geben. Dies setzte &hellip; <a href=\"https:\/\/www.ggs-brueggen.de\/?p=3639\" class=\"more-link\"><span class=\"screen-reader-text\">Albert-Schweitzer-Tag 2020<\/span> weiterlesen <span class=\"meta-nav\">&rarr;<\/span><\/a><\/p>\n","protected":false},"author":3,"featured_media":0,"comment_status":"closed","ping_status":"closed","sticky":false,"template":"","format":"standard","meta":{"footnotes":""},"categories":[1,8,6],"tags":[],"class_list":["post-3639","post","type-post","status-publish","format-standard","hentry","category-allgemein","category-projekte","category-schulveranstaltung"],"_links":{"self":[{"href":"https:\/\/www.ggs-brueggen.de\/index.php?rest_route=\/wp\/v2\/posts\/3639","targetHints":{"allow":["GET"]}}],"collection":[{"href":"https:\/\/www.ggs-brueggen.de\/index.php?rest_route=\/wp\/v2\/posts"}],"about":[{"href":"https:\/\/www.ggs-brueggen.de\/index.php?rest_route=\/wp\/v2\/types\/post"}],"author":[{"embeddable":true,"href":"https:\/\/www.ggs-brueggen.de\/index.php?rest_route=\/wp\/v2\/users\/3"}],"replies":[{"embeddable":true,"href":"https:\/\/www.ggs-brueggen.de\/index.php?rest_route=%2Fwp%2Fv2%2Fcomments&post=3639"}],"version-history":[{"count":3,"href":"https:\/\/www.ggs-brueggen.de\/index.php?rest_route=\/wp\/v2\/posts\/3639\/revisions"}],"predecessor-version":[{"id":3645,"href":"https:\/\/www.ggs-brueggen.de\/index.php?rest_route=\/wp\/v2\/posts\/3639\/revisions\/3645"}],"wp:attachment":[{"href":"https:\/\/www.ggs-brueggen.de\/index.php?rest_route=%2Fwp%2Fv2%2Fmedia&parent=3639"}],"wp:term":[{"taxonomy":"category","embeddable":true,"href":"https:\/\/www.ggs-brueggen.de\/index.php?rest_route=%2Fwp%2Fv2%2Fcategories&post=3639"},{"taxonomy":"post_tag","embeddable":true,"href":"https:\/\/www.ggs-brueggen.de\/index.php?rest_route=%2Fwp%2Fv2%2Ftags&post=3639"}],"curies":[{"name":"wp","href":"https:\/\/api.w.org\/{rel}","templated":true}]}}