{"id":3633,"date":"2019-12-19T14:27:12","date_gmt":"2019-12-19T13:27:12","guid":{"rendered":"http:\/\/www.ggs-brueggen.de\/?p=3633"},"modified":"2019-12-19T14:27:12","modified_gmt":"2019-12-19T13:27:12","slug":"kaeptn-book-lesung-2019","status":"publish","type":"post","link":"https:\/\/www.ggs-brueggen.de\/?p=3633","title":{"rendered":"K\u00e4pt&#8217;n Book-Lesung 2019"},"content":{"rendered":"\n<p>Bei der diesj\u00e4hrigen Autorenlesung im Rahmen des K\u00e4ptn-Book-Lesefestivals h\u00f6rten die zweiten Klassen Teile des Buches &#8222;Alle zwei Wochen&#8220; von Jutta Nymphius. <\/p>\n\n\n\n<figure class=\"wp-block-image size-large\"><img loading=\"lazy\" decoding=\"async\" width=\"1024\" height=\"575\" src=\"https:\/\/www.ggs-brueggen.de\/wp-content\/uploads\/Autorenlesung_2019-5-1024x575.jpg\" alt=\"\" class=\"wp-image-3634\" srcset=\"https:\/\/www.ggs-brueggen.de\/wp-content\/uploads\/Autorenlesung_2019-5-1024x575.jpg 1024w, https:\/\/www.ggs-brueggen.de\/wp-content\/uploads\/Autorenlesung_2019-5-300x168.jpg 300w, https:\/\/www.ggs-brueggen.de\/wp-content\/uploads\/Autorenlesung_2019-5-768x431.jpg 768w, https:\/\/www.ggs-brueggen.de\/wp-content\/uploads\/Autorenlesung_2019-5.jpg 1227w\" sizes=\"auto, (max-width: 1024px) 100vw, 1024px\" \/><\/figure>\n\n\n\n<p>Wir bedanken uns bei der Stadt Kerpen f\u00fcr die Teilnahme an &#8222;K\u00e4pt&#8217;n Book&#8220; und daf\u00fcr, dass wir auch in diesem Jahr eine tolle Autorin zu Gast haben durften. Herzlichen Dank auch an Frau Immisch f\u00fcr die erneut reibungslose Organisation!<\/p>\n","protected":false},"excerpt":{"rendered":"<p>Bei der diesj\u00e4hrigen Autorenlesung im Rahmen des K\u00e4ptn-Book-Lesefestivals h\u00f6rten die zweiten Klassen Teile des Buches &#8222;Alle zwei Wochen&#8220; von Jutta Nymphius. Wir bedanken uns bei der Stadt Kerpen f\u00fcr die Teilnahme an &#8222;K\u00e4pt&#8217;n Book&#8220; und daf\u00fcr, dass wir auch in diesem Jahr eine tolle Autorin zu Gast haben durften. Herzlichen Dank auch an Frau Immisch &hellip; <a href=\"https:\/\/www.ggs-brueggen.de\/?p=3633\" class=\"more-link\"><span class=\"screen-reader-text\">K\u00e4pt&#8217;n Book-Lesung 2019<\/span> weiterlesen <span class=\"meta-nav\">&rarr;<\/span><\/a><\/p>\n","protected":false},"author":3,"featured_media":0,"comment_status":"closed","ping_status":"closed","sticky":false,"template":"","format":"standard","meta":{"footnotes":""},"categories":[1],"tags":[],"class_list":["post-3633","post","type-post","status-publish","format-standard","hentry","category-allgemein"],"_links":{"self":[{"href":"https:\/\/www.ggs-brueggen.de\/index.php?rest_route=\/wp\/v2\/posts\/3633","targetHints":{"allow":["GET"]}}],"collection":[{"href":"https:\/\/www.ggs-brueggen.de\/index.php?rest_route=\/wp\/v2\/posts"}],"about":[{"href":"https:\/\/www.ggs-brueggen.de\/index.php?rest_route=\/wp\/v2\/types\/post"}],"author":[{"embeddable":true,"href":"https:\/\/www.ggs-brueggen.de\/index.php?rest_route=\/wp\/v2\/users\/3"}],"replies":[{"embeddable":true,"href":"https:\/\/www.ggs-brueggen.de\/index.php?rest_route=%2Fwp%2Fv2%2Fcomments&post=3633"}],"version-history":[{"count":1,"href":"https:\/\/www.ggs-brueggen.de\/index.php?rest_route=\/wp\/v2\/posts\/3633\/revisions"}],"predecessor-version":[{"id":3635,"href":"https:\/\/www.ggs-brueggen.de\/index.php?rest_route=\/wp\/v2\/posts\/3633\/revisions\/3635"}],"wp:attachment":[{"href":"https:\/\/www.ggs-brueggen.de\/index.php?rest_route=%2Fwp%2Fv2%2Fmedia&parent=3633"}],"wp:term":[{"taxonomy":"category","embeddable":true,"href":"https:\/\/www.ggs-brueggen.de\/index.php?rest_route=%2Fwp%2Fv2%2Fcategories&post=3633"},{"taxonomy":"post_tag","embeddable":true,"href":"https:\/\/www.ggs-brueggen.de\/index.php?rest_route=%2Fwp%2Fv2%2Ftags&post=3633"}],"curies":[{"name":"wp","href":"https:\/\/api.w.org\/{rel}","templated":true}]}}