{"id":3600,"date":"2019-11-20T18:06:00","date_gmt":"2019-11-20T17:06:00","guid":{"rendered":"http:\/\/www.ggs-brueggen.de\/?p=3600"},"modified":"2019-12-02T18:13:19","modified_gmt":"2019-12-02T17:13:19","slug":"sankt-martin-2019","status":"publish","type":"post","link":"https:\/\/www.ggs-brueggen.de\/?p=3600","title":{"rendered":"Sankt Martin 2019"},"content":{"rendered":"<p>Traditionell zogen wir auch beim diesj\u00e4hrigen Martinszug gemeinsam mit den Kinderg\u00e4rten durch Br\u00fcggen und erleuchteten die Stra\u00dfen mit selbst gebastelten Laternen. Begleitet wurden wir von Fackeltr\u00e4gern und Musikkapellen.<\/p>\n\n\n<figure class=\"wp-block-image size-large\"><img loading=\"lazy\" decoding=\"async\" width=\"1024\" height=\"487\" src=\"https:\/\/www.ggs-brueggen.de\/wp-content\/uploads\/Sankt-Martin-2019-1-1024x487.jpg\" alt=\"\" class=\"wp-image-3611\" srcset=\"https:\/\/www.ggs-brueggen.de\/wp-content\/uploads\/Sankt-Martin-2019-1-1024x487.jpg 1024w, https:\/\/www.ggs-brueggen.de\/wp-content\/uploads\/Sankt-Martin-2019-1-300x143.jpg 300w, https:\/\/www.ggs-brueggen.de\/wp-content\/uploads\/Sankt-Martin-2019-1-768x366.jpg 768w, https:\/\/www.ggs-brueggen.de\/wp-content\/uploads\/Sankt-Martin-2019-1-1536x731.jpg 1536w, https:\/\/www.ggs-brueggen.de\/wp-content\/uploads\/Sankt-Martin-2019-1-2048x975.jpg 2048w\" sizes=\"auto, (max-width: 1024px) 100vw, 1024px\" \/><\/figure>\n\n\n\n<p>Nachdem wir das gro\u00dfe Feuer bewundert hatten kehrten wir in die geschm\u00fcckten Klassen zur\u00fcck und teilten warmen Kakao und leckere Weckm\u00e4nner miteinander. Im Anschluss verweilten noch einige Eltern und Lehrerinnen und Lehrer auf dem Schulhof und st\u00e4rkten sich mit Gl\u00fchwein und W\u00fcrstchen. Vielen Dank an alle freiwilligen Helferinnen und Helfer sowie den F\u00f6rderkreis, der erneut f\u00fcr das leibliche Wohl aller Beteiligten sorgte.  <\/p>\n\n\n\n<div class=\"wp-block-image\"><figure class=\"aligncenter size-medium\"><img loading=\"lazy\" decoding=\"async\" width=\"169\" height=\"300\" src=\"https:\/\/www.ggs-brueggen.de\/wp-content\/uploads\/Sankt-Martin-2019-13-169x300.jpg\" alt=\"\" class=\"wp-image-3612\" srcset=\"https:\/\/www.ggs-brueggen.de\/wp-content\/uploads\/Sankt-Martin-2019-13-169x300.jpg 169w, https:\/\/www.ggs-brueggen.de\/wp-content\/uploads\/Sankt-Martin-2019-13-576x1024.jpg 576w, https:\/\/www.ggs-brueggen.de\/wp-content\/uploads\/Sankt-Martin-2019-13-768x1365.jpg 768w, https:\/\/www.ggs-brueggen.de\/wp-content\/uploads\/Sankt-Martin-2019-13-864x1536.jpg 864w, https:\/\/www.ggs-brueggen.de\/wp-content\/uploads\/Sankt-Martin-2019-13.jpg 900w\" sizes=\"auto, (max-width: 169px) 100vw, 169px\" \/><\/figure><\/div>\n\n\n\n<p>Ein besonderer Dank gilt unserem &#8222;Sankt Martin&#8220;  und der Sch\u00fctzenbruderschaft f\u00fcr die allj\u00e4hrliche Organisation des Martinszuges.<\/p>\n","protected":false},"excerpt":{"rendered":"<p>Traditionell zogen wir auch beim diesj\u00e4hrigen Martinszug gemeinsam mit den Kinderg\u00e4rten durch Br\u00fcggen und erleuchteten die Stra\u00dfen mit selbst gebastelten Laternen. Begleitet wurden wir von Fackeltr\u00e4gern und Musikkapellen. Nachdem wir das gro\u00dfe Feuer bewundert hatten kehrten wir in die geschm\u00fcckten Klassen zur\u00fcck und teilten warmen Kakao und leckere Weckm\u00e4nner miteinander. Im Anschluss verweilten noch einige &hellip; <a href=\"https:\/\/www.ggs-brueggen.de\/?p=3600\" class=\"more-link\"><span class=\"screen-reader-text\">Sankt Martin 2019<\/span> weiterlesen <span class=\"meta-nav\">&rarr;<\/span><\/a><\/p>\n","protected":false},"author":3,"featured_media":0,"comment_status":"closed","ping_status":"closed","sticky":false,"template":"","format":"standard","meta":{"footnotes":""},"categories":[1],"tags":[],"class_list":["post-3600","post","type-post","status-publish","format-standard","hentry","category-allgemein"],"_links":{"self":[{"href":"https:\/\/www.ggs-brueggen.de\/index.php?rest_route=\/wp\/v2\/posts\/3600","targetHints":{"allow":["GET"]}}],"collection":[{"href":"https:\/\/www.ggs-brueggen.de\/index.php?rest_route=\/wp\/v2\/posts"}],"about":[{"href":"https:\/\/www.ggs-brueggen.de\/index.php?rest_route=\/wp\/v2\/types\/post"}],"author":[{"embeddable":true,"href":"https:\/\/www.ggs-brueggen.de\/index.php?rest_route=\/wp\/v2\/users\/3"}],"replies":[{"embeddable":true,"href":"https:\/\/www.ggs-brueggen.de\/index.php?rest_route=%2Fwp%2Fv2%2Fcomments&post=3600"}],"version-history":[{"count":3,"href":"https:\/\/www.ggs-brueggen.de\/index.php?rest_route=\/wp\/v2\/posts\/3600\/revisions"}],"predecessor-version":[{"id":3614,"href":"https:\/\/www.ggs-brueggen.de\/index.php?rest_route=\/wp\/v2\/posts\/3600\/revisions\/3614"}],"wp:attachment":[{"href":"https:\/\/www.ggs-brueggen.de\/index.php?rest_route=%2Fwp%2Fv2%2Fmedia&parent=3600"}],"wp:term":[{"taxonomy":"category","embeddable":true,"href":"https:\/\/www.ggs-brueggen.de\/index.php?rest_route=%2Fwp%2Fv2%2Fcategories&post=3600"},{"taxonomy":"post_tag","embeddable":true,"href":"https:\/\/www.ggs-brueggen.de\/index.php?rest_route=%2Fwp%2Fv2%2Ftags&post=3600"}],"curies":[{"name":"wp","href":"https:\/\/api.w.org\/{rel}","templated":true}]}}