{"id":3539,"date":"2019-10-09T14:29:03","date_gmt":"2019-10-09T13:29:03","guid":{"rendered":"http:\/\/www.ggs-brueggen.de\/?p=3539"},"modified":"2019-10-09T14:29:03","modified_gmt":"2019-10-09T13:29:03","slug":"buecherinsel-eroeffnet","status":"publish","type":"post","link":"https:\/\/www.ggs-brueggen.de\/?p=3539","title":{"rendered":"B\u00fccherinsel er\u00f6ffnet"},"content":{"rendered":"\n<p>In Kooperation mit der katholischen \u00f6ffentlichen B\u00fccherei in T\u00fcrnich beantragten wir bei der Stiftung Lesen einen Leseclub. Dank des F\u00f6rderkreises und der Marga und Walter Boll-Stiftung konnten finanzielle Mittel bereitgestellt werden, um die B\u00fccherinsel mit weiterem Mobiliar und Medien auszustatten. Nachdem der Raum von unserem Hausmeister renoviert wurde und alle M\u00f6bel aufgebaut waren, wurden die inventarisierten B\u00fccher einger\u00e4umt und das f\u00fcr den Leseclub entworfene Logo an die Wand gemalt. <br>Am Freitag, den 04. Oktober 2019 war es dann endlich so weit und die &#8222;B\u00fccherinsel&#8220; &#8211; ein Leseclub der Stiftung Lesen &#8211; wurde feierlich er\u00f6ffnet. Dank der tatkr\u00e4ftigen Mithilfe der OGS, die einen Tanz auff\u00fchrten, sowie des F\u00f6rderkreises, der f\u00fcr das leibliche Wohl sorgte, konnte eine sch\u00f6ne Feier f\u00fcr die vielen Anwesenden auf die Beine gestellt werden. <\/p>\n\n\n\n<p>Im Anschluss lauschten die Kinder gespannt der Lesung von Autorin Jeannine Deller\u00e9-Fischer, die aus ihrem aktuellen Buch &#8222;Sumsel und Brumsel&#8220; vorlas. <\/p>\n\n\n\n<figure class=\"wp-block-image\"><img loading=\"lazy\" decoding=\"async\" width=\"1024\" height=\"488\" src=\"http:\/\/www.ggs-brueggen.de\/wp-content\/uploads\/20191004_153405-1024x488.jpg\" alt=\"\" class=\"wp-image-3540\" srcset=\"https:\/\/www.ggs-brueggen.de\/wp-content\/uploads\/20191004_153405-1024x488.jpg 1024w, https:\/\/www.ggs-brueggen.de\/wp-content\/uploads\/20191004_153405-300x143.jpg 300w, https:\/\/www.ggs-brueggen.de\/wp-content\/uploads\/20191004_153405-768x366.jpg 768w\" sizes=\"auto, (max-width: 1024px) 100vw, 1024px\" \/><\/figure>\n\n\n\n<p> Herzlich Dank an alle Beteiligten, die den Raum zu einer wunderbaren  Wohlf\u00fchloase f\u00fcr das &#8222;Eintauchen&#8220; in andere Welten gemacht haben! <br><\/p>\n\n\n\n<p>Gemeinsames lesen, spielen, Geschichten als Theaterst\u00fcck auff\u00fchren oder dazu etwas basteln &#8211; all das k\u00f6nnen Kinder ab sofort auch bei uns in der B\u00fccherinsel. Wir freuen uns schon sehr darauf!<br><br><br>\u00d6ffnungszeiten der &#8222;B\u00fccherinsel&#8220;: <br>Montag: 14:00 &#8211; 15:00 Uhr<br>Mittwoch: 15:00 &#8211; 16:00 Uhr<br>Freitag: 15:00 &#8211; 16:00 Uhr<\/p>\n\n\n\n<p>Zeitungsartikel zur Er\u00f6ffnungsfeier<br><a href=\"https:\/\/www.rheinische-anzeigenblaetter.de\/mein-blatt\/werbepost\/kerpen\/albert-schweitzer-schule-brueggen-zum-lesen-in-ruhe----auf-die-buecherinsel-33282856\" target=\"_blank\" rel=\"noreferrer noopener\" aria-label=\" (\u00f6ffnet in neuem Tab)\">Werbepost Kerpen<\/a><\/p>\n\n\n\n<p><\/p>\n","protected":false},"excerpt":{"rendered":"<p>In Kooperation mit der katholischen \u00f6ffentlichen B\u00fccherei in T\u00fcrnich beantragten wir bei der Stiftung Lesen einen Leseclub. Dank des F\u00f6rderkreises und der Marga und Walter Boll-Stiftung konnten finanzielle Mittel bereitgestellt werden, um die B\u00fccherinsel mit weiterem Mobiliar und Medien auszustatten. Nachdem der Raum von unserem Hausmeister renoviert wurde und alle M\u00f6bel aufgebaut waren, wurden die &hellip; <a href=\"https:\/\/www.ggs-brueggen.de\/?p=3539\" class=\"more-link\"><span class=\"screen-reader-text\">B\u00fccherinsel er\u00f6ffnet<\/span> weiterlesen <span class=\"meta-nav\">&rarr;<\/span><\/a><\/p>\n","protected":false},"author":3,"featured_media":0,"comment_status":"closed","ping_status":"closed","sticky":false,"template":"","format":"standard","meta":{"footnotes":""},"categories":[1],"tags":[],"class_list":["post-3539","post","type-post","status-publish","format-standard","hentry","category-allgemein"],"_links":{"self":[{"href":"https:\/\/www.ggs-brueggen.de\/index.php?rest_route=\/wp\/v2\/posts\/3539","targetHints":{"allow":["GET"]}}],"collection":[{"href":"https:\/\/www.ggs-brueggen.de\/index.php?rest_route=\/wp\/v2\/posts"}],"about":[{"href":"https:\/\/www.ggs-brueggen.de\/index.php?rest_route=\/wp\/v2\/types\/post"}],"author":[{"embeddable":true,"href":"https:\/\/www.ggs-brueggen.de\/index.php?rest_route=\/wp\/v2\/users\/3"}],"replies":[{"embeddable":true,"href":"https:\/\/www.ggs-brueggen.de\/index.php?rest_route=%2Fwp%2Fv2%2Fcomments&post=3539"}],"version-history":[{"count":2,"href":"https:\/\/www.ggs-brueggen.de\/index.php?rest_route=\/wp\/v2\/posts\/3539\/revisions"}],"predecessor-version":[{"id":3545,"href":"https:\/\/www.ggs-brueggen.de\/index.php?rest_route=\/wp\/v2\/posts\/3539\/revisions\/3545"}],"wp:attachment":[{"href":"https:\/\/www.ggs-brueggen.de\/index.php?rest_route=%2Fwp%2Fv2%2Fmedia&parent=3539"}],"wp:term":[{"taxonomy":"category","embeddable":true,"href":"https:\/\/www.ggs-brueggen.de\/index.php?rest_route=%2Fwp%2Fv2%2Fcategories&post=3539"},{"taxonomy":"post_tag","embeddable":true,"href":"https:\/\/www.ggs-brueggen.de\/index.php?rest_route=%2Fwp%2Fv2%2Ftags&post=3539"}],"curies":[{"name":"wp","href":"https:\/\/api.w.org\/{rel}","templated":true}]}}