{"id":3393,"date":"2019-04-05T14:17:59","date_gmt":"2019-04-05T13:17:59","guid":{"rendered":"http:\/\/www.ggs-brueggen.de\/?p=3393"},"modified":"2019-04-05T14:17:59","modified_gmt":"2019-04-05T13:17:59","slug":"sauberes-kerpen-spielmobil","status":"publish","type":"post","link":"https:\/\/www.ggs-brueggen.de\/?p=3393","title":{"rendered":"Sauberes Kerpen \/ Spielmobil"},"content":{"rendered":"\n<figure class=\"wp-block-image\"><img loading=\"lazy\" decoding=\"async\" width=\"1024\" height=\"488\" src=\"http:\/\/www.ggs-brueggen.de\/wp-content\/uploads\/sauberes-Kerpen-2019-1024x488.jpg\" alt=\"\" class=\"wp-image-3398\" srcset=\"https:\/\/www.ggs-brueggen.de\/wp-content\/uploads\/sauberes-Kerpen-2019-1024x488.jpg 1024w, https:\/\/www.ggs-brueggen.de\/wp-content\/uploads\/sauberes-Kerpen-2019-300x143.jpg 300w, https:\/\/www.ggs-brueggen.de\/wp-content\/uploads\/sauberes-Kerpen-2019-768x366.jpg 768w\" sizes=\"auto, (max-width: 1024px) 100vw, 1024px\" \/><\/figure>\n\n\n\n<p>Auch in diesem Jahr wurden wieder alle Sch\u00fclerinnen und Sch\u00fcler und das Kollegium der Albert-Schweitzer-Schule aktiv und sammelten flei\u00dfig den achtlos im Wald weggeworfenen M\u00fcll. Erfreulicherweise kamen dieses Jahr weniger volle M\u00fcllt\u00fcten zustande. Die j\u00e4hrliche Aktion scheint also Fr\u00fcchte zu tragen &#8211; wor\u00fcber wir uns sehr freuen. <br>Zum ersten Mal dieses Jahr fand eine Ehrung aller langj\u00e4hrigen Teilnehmer der Aktion &#8222;Sauberes Kerpen&#8220; in der Jahnhalle in Kerpen statt. Unsere Schulleitung Frau S. Klein konnte nicht nur ein Preisgeld in H\u00f6he von 100 \u20ac sondern auch einen tollen Pokal entgegennehmen. Vielen Dank!<\/p>\n\n\n\n<ul class=\"wp-block-gallery columns-2 is-cropped wp-block-gallery-1 is-layout-flex wp-block-gallery-is-layout-flex\"><li class=\"blocks-gallery-item\"><figure><img loading=\"lazy\" decoding=\"async\" width=\"627\" height=\"1024\" src=\"http:\/\/www.ggs-brueggen.de\/wp-content\/uploads\/Sauberes-Kerpen-2019-2-627x1024.jpg\" alt=\"\" data-id=\"3403\" data-link=\"http:\/\/www.ggs-brueggen.de\/?attachment_id=3403\" class=\"wp-image-3403\" srcset=\"https:\/\/www.ggs-brueggen.de\/wp-content\/uploads\/Sauberes-Kerpen-2019-2-627x1024.jpg 627w, https:\/\/www.ggs-brueggen.de\/wp-content\/uploads\/Sauberes-Kerpen-2019-2-184x300.jpg 184w, https:\/\/www.ggs-brueggen.de\/wp-content\/uploads\/Sauberes-Kerpen-2019-2-768x1254.jpg 768w, https:\/\/www.ggs-brueggen.de\/wp-content\/uploads\/Sauberes-Kerpen-2019-2.jpg 865w\" sizes=\"auto, (max-width: 627px) 100vw, 627px\" \/><\/figure><\/li><li class=\"blocks-gallery-item\"><figure><img loading=\"lazy\" decoding=\"async\" width=\"782\" height=\"1024\" src=\"http:\/\/www.ggs-brueggen.de\/wp-content\/uploads\/Sauberes-Kerpen-2019-1-1-782x1024.jpg\" alt=\"\" data-id=\"3402\" data-link=\"http:\/\/www.ggs-brueggen.de\/?attachment_id=3402\" class=\"wp-image-3402\" srcset=\"https:\/\/www.ggs-brueggen.de\/wp-content\/uploads\/Sauberes-Kerpen-2019-1-1-782x1024.jpg 782w, https:\/\/www.ggs-brueggen.de\/wp-content\/uploads\/Sauberes-Kerpen-2019-1-1-229x300.jpg 229w, https:\/\/www.ggs-brueggen.de\/wp-content\/uploads\/Sauberes-Kerpen-2019-1-1-768x1006.jpg 768w\" sizes=\"auto, (max-width: 782px) 100vw, 782px\" \/><\/figure><\/li><\/ul>\n\n\n\n<p>\nEin weiterer fester Bestandteil des Schuljahres ist der Besuch des \nSpielmobils, der die Herzen aller Kinder &#8211; egal welchen Alters &#8211; immer \nwieder h\u00f6her schlagen lassen. So hatten auch beim diesmaligen Besuch \nwieder alle Beteiligten viel Freude. Herzlichen Dank!\n\n<\/p>\n\n\n\n<ul class=\"wp-block-gallery columns-3 is-cropped wp-block-gallery-2 is-layout-flex wp-block-gallery-is-layout-flex\"><li class=\"blocks-gallery-item\"><figure><img loading=\"lazy\" decoding=\"async\" width=\"1024\" height=\"768\" src=\"http:\/\/www.ggs-brueggen.de\/wp-content\/uploads\/Spielmobil2019-1-1-1024x768.jpg\" alt=\"\" data-id=\"3395\" data-link=\"http:\/\/www.ggs-brueggen.de\/?attachment_id=3395\" class=\"wp-image-3395\" srcset=\"https:\/\/www.ggs-brueggen.de\/wp-content\/uploads\/Spielmobil2019-1-1-1024x768.jpg 1024w, https:\/\/www.ggs-brueggen.de\/wp-content\/uploads\/Spielmobil2019-1-1-300x225.jpg 300w, https:\/\/www.ggs-brueggen.de\/wp-content\/uploads\/Spielmobil2019-1-1-768x576.jpg 768w, https:\/\/www.ggs-brueggen.de\/wp-content\/uploads\/Spielmobil2019-1-1.jpg 1600w\" sizes=\"auto, (max-width: 1024px) 100vw, 1024px\" \/><\/figure><\/li><li class=\"blocks-gallery-item\"><figure><img loading=\"lazy\" decoding=\"async\" width=\"768\" height=\"1024\" src=\"http:\/\/www.ggs-brueggen.de\/wp-content\/uploads\/Spielmobil2019-2-768x1024.jpg\" alt=\"\" data-id=\"3396\" data-link=\"http:\/\/www.ggs-brueggen.de\/?attachment_id=3396\" class=\"wp-image-3396\" srcset=\"https:\/\/www.ggs-brueggen.de\/wp-content\/uploads\/Spielmobil2019-2-768x1024.jpg 768w, https:\/\/www.ggs-brueggen.de\/wp-content\/uploads\/Spielmobil2019-2-225x300.jpg 225w, https:\/\/www.ggs-brueggen.de\/wp-content\/uploads\/Spielmobil2019-2.jpg 1200w\" sizes=\"auto, (max-width: 768px) 100vw, 768px\" \/><\/figure><\/li><li class=\"blocks-gallery-item\"><figure><img loading=\"lazy\" decoding=\"async\" width=\"768\" height=\"1024\" src=\"http:\/\/www.ggs-brueggen.de\/wp-content\/uploads\/Spielmobil2019-3-768x1024.jpg\" alt=\"\" data-id=\"3397\" data-link=\"http:\/\/www.ggs-brueggen.de\/?attachment_id=3397\" class=\"wp-image-3397\" srcset=\"https:\/\/www.ggs-brueggen.de\/wp-content\/uploads\/Spielmobil2019-3-768x1024.jpg 768w, https:\/\/www.ggs-brueggen.de\/wp-content\/uploads\/Spielmobil2019-3-225x300.jpg 225w, https:\/\/www.ggs-brueggen.de\/wp-content\/uploads\/Spielmobil2019-3.jpg 1200w\" sizes=\"auto, (max-width: 768px) 100vw, 768px\" \/><\/figure><\/li><\/ul>\n","protected":false},"excerpt":{"rendered":"<p>Auch in diesem Jahr wurden wieder alle Sch\u00fclerinnen und Sch\u00fcler und das Kollegium der Albert-Schweitzer-Schule aktiv und sammelten flei\u00dfig den achtlos im Wald weggeworfenen M\u00fcll. Erfreulicherweise kamen dieses Jahr weniger volle M\u00fcllt\u00fcten zustande. Die j\u00e4hrliche Aktion scheint also Fr\u00fcchte zu tragen &#8211; wor\u00fcber wir uns sehr freuen. Zum ersten Mal dieses Jahr fand eine Ehrung &hellip; <a href=\"https:\/\/www.ggs-brueggen.de\/?p=3393\" class=\"more-link\"><span class=\"screen-reader-text\">Sauberes Kerpen \/ Spielmobil<\/span> weiterlesen <span class=\"meta-nav\">&rarr;<\/span><\/a><\/p>\n","protected":false},"author":3,"featured_media":0,"comment_status":"closed","ping_status":"closed","sticky":false,"template":"","format":"standard","meta":{"footnotes":""},"categories":[1],"tags":[],"class_list":["post-3393","post","type-post","status-publish","format-standard","hentry","category-allgemein"],"_links":{"self":[{"href":"https:\/\/www.ggs-brueggen.de\/index.php?rest_route=\/wp\/v2\/posts\/3393","targetHints":{"allow":["GET"]}}],"collection":[{"href":"https:\/\/www.ggs-brueggen.de\/index.php?rest_route=\/wp\/v2\/posts"}],"about":[{"href":"https:\/\/www.ggs-brueggen.de\/index.php?rest_route=\/wp\/v2\/types\/post"}],"author":[{"embeddable":true,"href":"https:\/\/www.ggs-brueggen.de\/index.php?rest_route=\/wp\/v2\/users\/3"}],"replies":[{"embeddable":true,"href":"https:\/\/www.ggs-brueggen.de\/index.php?rest_route=%2Fwp%2Fv2%2Fcomments&post=3393"}],"version-history":[{"count":2,"href":"https:\/\/www.ggs-brueggen.de\/index.php?rest_route=\/wp\/v2\/posts\/3393\/revisions"}],"predecessor-version":[{"id":3404,"href":"https:\/\/www.ggs-brueggen.de\/index.php?rest_route=\/wp\/v2\/posts\/3393\/revisions\/3404"}],"wp:attachment":[{"href":"https:\/\/www.ggs-brueggen.de\/index.php?rest_route=%2Fwp%2Fv2%2Fmedia&parent=3393"}],"wp:term":[{"taxonomy":"category","embeddable":true,"href":"https:\/\/www.ggs-brueggen.de\/index.php?rest_route=%2Fwp%2Fv2%2Fcategories&post=3393"},{"taxonomy":"post_tag","embeddable":true,"href":"https:\/\/www.ggs-brueggen.de\/index.php?rest_route=%2Fwp%2Fv2%2Ftags&post=3393"}],"curies":[{"name":"wp","href":"https:\/\/api.w.org\/{rel}","templated":true}]}}