{"id":3388,"date":"2019-03-14T17:22:32","date_gmt":"2019-03-14T16:22:32","guid":{"rendered":"http:\/\/www.ggs-brueggen.de\/?p=3388"},"modified":"2019-03-14T17:22:32","modified_gmt":"2019-03-14T16:22:32","slug":"autorenlesung-aktualisierte-sprechstundenzeiten","status":"publish","type":"post","link":"https:\/\/www.ggs-brueggen.de\/?p=3388","title":{"rendered":"Autorenlesung \/ aktualisierte Sprechstundenzeiten"},"content":{"rendered":"\n<p>Die ersten und zweiten Klassen durften auf Einladung von Herrn Scharping erneut an einer Autorenlesung teilnehmen. Ahmet \u00d6zdemir las aus seinem Buch &#8222;Ali und Anton&#8220; in der katholischen Kirche vor. Neben den Schulklassen aus Br\u00fcggen waren ebenfalls die Kinderg\u00e4rten eingeladen. Nach der Lesung durften die Kinder noch Fragen zum Buch stellen, die Herr \u00d6zdemir gerne beantwortete. Vielen Dank an alle Beteiligten!<br><\/p>\n\n\n\n<figure class=\"wp-block-image\"><img loading=\"lazy\" decoding=\"async\" width=\"1024\" height=\"488\" src=\"http:\/\/www.ggs-brueggen.de\/wp-content\/uploads\/Autorenlesung-1-und-2-\u00d6zdemir-1024x488.jpg\" alt=\"\" class=\"wp-image-3390\" srcset=\"https:\/\/www.ggs-brueggen.de\/wp-content\/uploads\/Autorenlesung-1-und-2-\u00d6zdemir-1024x488.jpg 1024w, https:\/\/www.ggs-brueggen.de\/wp-content\/uploads\/Autorenlesung-1-und-2-\u00d6zdemir-300x143.jpg 300w, https:\/\/www.ggs-brueggen.de\/wp-content\/uploads\/Autorenlesung-1-und-2-\u00d6zdemir-768x366.jpg 768w\" sizes=\"auto, (max-width: 1024px) 100vw, 1024px\" \/><\/figure>\n\n\n\n<p> Die Sprechstundenzeiten der Lehrerinnen und Lehrer wurden f\u00fcr das zweite Schulhalbjahr aktualisiert. Eine \u00dcbersicht dazu finden Sie <a href=\"http:\/\/www.ggs-brueggen.de\/?page_id=632\">hier<\/a>. Bitte melden Sie sich im Bedarfsfall unbedingt vorher \u00fcber das Sekretariat oder direkt bei der entsprechenden Lehrkraft an. <br><\/p>\n","protected":false},"excerpt":{"rendered":"<p>Die ersten und zweiten Klassen durften auf Einladung von Herrn Scharping erneut an einer Autorenlesung teilnehmen. Ahmet \u00d6zdemir las aus seinem Buch &#8222;Ali und Anton&#8220; in der katholischen Kirche vor. Neben den Schulklassen aus Br\u00fcggen waren ebenfalls die Kinderg\u00e4rten eingeladen. Nach der Lesung durften die Kinder noch Fragen zum Buch stellen, die Herr \u00d6zdemir gerne &hellip; <a href=\"https:\/\/www.ggs-brueggen.de\/?p=3388\" class=\"more-link\"><span class=\"screen-reader-text\">Autorenlesung \/ aktualisierte Sprechstundenzeiten<\/span> weiterlesen <span class=\"meta-nav\">&rarr;<\/span><\/a><\/p>\n","protected":false},"author":3,"featured_media":0,"comment_status":"closed","ping_status":"closed","sticky":false,"template":"","format":"standard","meta":{"footnotes":""},"categories":[1],"tags":[],"class_list":["post-3388","post","type-post","status-publish","format-standard","hentry","category-allgemein"],"_links":{"self":[{"href":"https:\/\/www.ggs-brueggen.de\/index.php?rest_route=\/wp\/v2\/posts\/3388","targetHints":{"allow":["GET"]}}],"collection":[{"href":"https:\/\/www.ggs-brueggen.de\/index.php?rest_route=\/wp\/v2\/posts"}],"about":[{"href":"https:\/\/www.ggs-brueggen.de\/index.php?rest_route=\/wp\/v2\/types\/post"}],"author":[{"embeddable":true,"href":"https:\/\/www.ggs-brueggen.de\/index.php?rest_route=\/wp\/v2\/users\/3"}],"replies":[{"embeddable":true,"href":"https:\/\/www.ggs-brueggen.de\/index.php?rest_route=%2Fwp%2Fv2%2Fcomments&post=3388"}],"version-history":[{"count":2,"href":"https:\/\/www.ggs-brueggen.de\/index.php?rest_route=\/wp\/v2\/posts\/3388\/revisions"}],"predecessor-version":[{"id":3391,"href":"https:\/\/www.ggs-brueggen.de\/index.php?rest_route=\/wp\/v2\/posts\/3388\/revisions\/3391"}],"wp:attachment":[{"href":"https:\/\/www.ggs-brueggen.de\/index.php?rest_route=%2Fwp%2Fv2%2Fmedia&parent=3388"}],"wp:term":[{"taxonomy":"category","embeddable":true,"href":"https:\/\/www.ggs-brueggen.de\/index.php?rest_route=%2Fwp%2Fv2%2Fcategories&post=3388"},{"taxonomy":"post_tag","embeddable":true,"href":"https:\/\/www.ggs-brueggen.de\/index.php?rest_route=%2Fwp%2Fv2%2Ftags&post=3388"}],"curies":[{"name":"wp","href":"https:\/\/api.w.org\/{rel}","templated":true}]}}