{"id":3264,"date":"2018-11-18T20:15:04","date_gmt":"2018-11-18T19:15:04","guid":{"rendered":"http:\/\/www.ggs-brueggen.de\/?p=3264"},"modified":"2019-08-23T17:56:53","modified_gmt":"2019-08-23T16:56:53","slug":"vorlesetag-2018","status":"publish","type":"post","link":"https:\/\/www.ggs-brueggen.de\/?p=3264","title":{"rendered":"Vorlesetag 2018"},"content":{"rendered":"<p>Auch in diesem Jahr fand der bundesweite Vorlesetag ebenfalls in der Albert-Schweitzer-Schule statt. Erneut fanden sich &#8211; neben Kolleginnen und Kollegen &#8211; ehrenamtliche Vorleserinnen, die die Kinder mit B\u00fcchern verschiedenster Genres begeisterten. Vor dem Vorlesetag hatten die Sch\u00fclerinnen und Sch\u00fcler die M\u00f6glichkeit, sich die zwei Lesungen auszuw\u00e4hlen, die sie am meisten interessierten. Vorgelesen wurde in nahezu allen zur Verf\u00fcgung stehenden R\u00e4umen: den Klassenr\u00e4umen, in den R\u00e4umen der OGS und sogar auf den Fluren. Die Kinder durften nach dem H\u00f6ren der Geschichten selbst noch aktiv werden und gestalteten sch\u00f6ne Bilder zum Thema.<\/p>\n<div id='gallery-1' class='gallery galleryid-3264 gallery-columns-2 gallery-size-large'><figure class='gallery-item'>\n\t\t\t<div class='gallery-icon portrait'>\n\t\t\t\t<img loading=\"lazy\" decoding=\"async\" width=\"604\" height=\"762\" src=\"https:\/\/www.ggs-brueggen.de\/wp-content\/uploads\/20181116_090943_HDR-812x1024.jpg\" class=\"attachment-large size-large\" alt=\"\" srcset=\"https:\/\/www.ggs-brueggen.de\/wp-content\/uploads\/20181116_090943_HDR-812x1024.jpg 812w, https:\/\/www.ggs-brueggen.de\/wp-content\/uploads\/20181116_090943_HDR-238x300.jpg 238w, https:\/\/www.ggs-brueggen.de\/wp-content\/uploads\/20181116_090943_HDR-768x968.jpg 768w\" sizes=\"auto, (max-width: 604px) 100vw, 604px\" \/>\n\t\t\t<\/div><\/figure><figure class='gallery-item'>\n\t\t\t<div class='gallery-icon landscape'>\n\t\t\t\t<img loading=\"lazy\" decoding=\"async\" width=\"604\" height=\"288\" src=\"https:\/\/www.ggs-brueggen.de\/wp-content\/uploads\/20181116_091902-1024x488.jpg\" class=\"attachment-large size-large\" alt=\"\" srcset=\"https:\/\/www.ggs-brueggen.de\/wp-content\/uploads\/20181116_091902-1024x488.jpg 1024w, https:\/\/www.ggs-brueggen.de\/wp-content\/uploads\/20181116_091902-300x143.jpg 300w, https:\/\/www.ggs-brueggen.de\/wp-content\/uploads\/20181116_091902-768x366.jpg 768w\" sizes=\"auto, (max-width: 604px) 100vw, 604px\" \/>\n\t\t\t<\/div><\/figure><figure class='gallery-item'>\n\t\t\t<div class='gallery-icon landscape'>\n\t\t\t\t<img loading=\"lazy\" decoding=\"async\" width=\"537\" height=\"453\" src=\"https:\/\/www.ggs-brueggen.de\/wp-content\/uploads\/Vorlesetag.jpg\" class=\"attachment-large size-large\" alt=\"\" srcset=\"https:\/\/www.ggs-brueggen.de\/wp-content\/uploads\/Vorlesetag.jpg 537w, https:\/\/www.ggs-brueggen.de\/wp-content\/uploads\/Vorlesetag-300x253.jpg 300w\" sizes=\"auto, (max-width: 537px) 100vw, 537px\" \/>\n\t\t\t<\/div><\/figure><figure class='gallery-item'>\n\t\t\t<div class='gallery-icon landscape'>\n\t\t\t\t<img loading=\"lazy\" decoding=\"async\" width=\"604\" height=\"288\" src=\"https:\/\/www.ggs-brueggen.de\/wp-content\/uploads\/20181116_102547-1024x488.jpg\" class=\"attachment-large size-large\" alt=\"\" srcset=\"https:\/\/www.ggs-brueggen.de\/wp-content\/uploads\/20181116_102547-1024x488.jpg 1024w, https:\/\/www.ggs-brueggen.de\/wp-content\/uploads\/20181116_102547-300x143.jpg 300w, https:\/\/www.ggs-brueggen.de\/wp-content\/uploads\/20181116_102547-768x366.jpg 768w\" sizes=\"auto, (max-width: 604px) 100vw, 604px\" \/>\n\t\t\t<\/div><\/figure>\n\t\t<\/div>\n\n<p>Ohne Ihr Engagement w\u00e4re es uns nicht m\u00f6glich, den Vorlesetag mit dieser gro\u00dfen Auswahl an Geschichten zu veranstalten. Herzlichen Dank an alle Vorleserinnen und Vorleser! Vielleicht sind Sie ja im n\u00e4chsten Jahr dabei&#8230;?<br \/>\n<img loading=\"lazy\" decoding=\"async\" class=\"aligncenter wp-image-3273 size-large\" src=\"http:\/\/www.ggs-brueggen.de\/wp-content\/uploads\/IMG-20181116-WA0000-1024x768.jpg\" alt=\"\" width=\"604\" height=\"453\" srcset=\"https:\/\/www.ggs-brueggen.de\/wp-content\/uploads\/IMG-20181116-WA0000-1024x768.jpg 1024w, https:\/\/www.ggs-brueggen.de\/wp-content\/uploads\/IMG-20181116-WA0000-300x225.jpg 300w, https:\/\/www.ggs-brueggen.de\/wp-content\/uploads\/IMG-20181116-WA0000-768x576.jpg 768w, https:\/\/www.ggs-brueggen.de\/wp-content\/uploads\/IMG-20181116-WA0000.jpg 1600w\" sizes=\"auto, (max-width: 604px) 100vw, 604px\" \/><\/p>\n","protected":false},"excerpt":{"rendered":"<p>Auch in diesem Jahr fand der bundesweite Vorlesetag ebenfalls in der Albert-Schweitzer-Schule statt. Erneut fanden sich &#8211; neben Kolleginnen und Kollegen &#8211; ehrenamtliche Vorleserinnen, die die Kinder mit B\u00fcchern verschiedenster Genres begeisterten. Vor dem Vorlesetag hatten die Sch\u00fclerinnen und Sch\u00fcler die M\u00f6glichkeit, sich die zwei Lesungen auszuw\u00e4hlen, die sie am meisten interessierten. Vorgelesen wurde in &hellip; <a href=\"https:\/\/www.ggs-brueggen.de\/?p=3264\" class=\"more-link\"><span class=\"screen-reader-text\">Vorlesetag 2018<\/span> weiterlesen <span class=\"meta-nav\">&rarr;<\/span><\/a><\/p>\n","protected":false},"author":3,"featured_media":0,"comment_status":"closed","ping_status":"closed","sticky":false,"template":"","format":"standard","meta":{"footnotes":""},"categories":[8,6],"tags":[],"class_list":["post-3264","post","type-post","status-publish","format-standard","hentry","category-projekte","category-schulveranstaltung"],"_links":{"self":[{"href":"https:\/\/www.ggs-brueggen.de\/index.php?rest_route=\/wp\/v2\/posts\/3264","targetHints":{"allow":["GET"]}}],"collection":[{"href":"https:\/\/www.ggs-brueggen.de\/index.php?rest_route=\/wp\/v2\/posts"}],"about":[{"href":"https:\/\/www.ggs-brueggen.de\/index.php?rest_route=\/wp\/v2\/types\/post"}],"author":[{"embeddable":true,"href":"https:\/\/www.ggs-brueggen.de\/index.php?rest_route=\/wp\/v2\/users\/3"}],"replies":[{"embeddable":true,"href":"https:\/\/www.ggs-brueggen.de\/index.php?rest_route=%2Fwp%2Fv2%2Fcomments&post=3264"}],"version-history":[{"count":10,"href":"https:\/\/www.ggs-brueggen.de\/index.php?rest_route=\/wp\/v2\/posts\/3264\/revisions"}],"predecessor-version":[{"id":3448,"href":"https:\/\/www.ggs-brueggen.de\/index.php?rest_route=\/wp\/v2\/posts\/3264\/revisions\/3448"}],"wp:attachment":[{"href":"https:\/\/www.ggs-brueggen.de\/index.php?rest_route=%2Fwp%2Fv2%2Fmedia&parent=3264"}],"wp:term":[{"taxonomy":"category","embeddable":true,"href":"https:\/\/www.ggs-brueggen.de\/index.php?rest_route=%2Fwp%2Fv2%2Fcategories&post=3264"},{"taxonomy":"post_tag","embeddable":true,"href":"https:\/\/www.ggs-brueggen.de\/index.php?rest_route=%2Fwp%2Fv2%2Ftags&post=3264"}],"curies":[{"name":"wp","href":"https:\/\/api.w.org\/{rel}","templated":true}]}}