{"id":3251,"date":"2018-11-13T15:59:48","date_gmt":"2018-11-13T14:59:48","guid":{"rendered":"http:\/\/www.ggs-brueggen.de\/?p=3251"},"modified":"2018-11-13T15:59:48","modified_gmt":"2018-11-13T14:59:48","slug":"martinszug-2018","status":"publish","type":"post","link":"https:\/\/www.ggs-brueggen.de\/?p=3251","title":{"rendered":"Martinszug 2018"},"content":{"rendered":"<p>F\u00fcr den diesj\u00e4hrigen Martinszug stellten sich gegen 17:15 Uhr die Kinderg\u00e4rten sowie die Albert-Schweitzer-Schule gemeinsam an der Mehrzweckhalle auf. Angef\u00fchrt von den Klassenlaternen zogen wir durch Br\u00fcggen und bewunderten das tolle Feuer auf dem Feld.<\/p>\n<p><img loading=\"lazy\" decoding=\"async\" class=\"size-medium wp-image-3255 aligncenter\" src=\"http:\/\/www.ggs-brueggen.de\/wp-content\/uploads\/SanktMartin2018-1-300x225.jpg\" alt=\"\" width=\"300\" height=\"225\" srcset=\"https:\/\/www.ggs-brueggen.de\/wp-content\/uploads\/SanktMartin2018-1-300x225.jpg 300w, https:\/\/www.ggs-brueggen.de\/wp-content\/uploads\/SanktMartin2018-1-768x576.jpg 768w, https:\/\/www.ggs-brueggen.de\/wp-content\/uploads\/SanktMartin2018-1-1024x768.jpg 1024w, https:\/\/www.ggs-brueggen.de\/wp-content\/uploads\/SanktMartin2018-1.jpg 1600w\" sizes=\"auto, (max-width: 300px) 100vw, 300px\" \/><\/p>\n<p>Sankt Martin ritt auf seinem Pferd voran und blieb kurz vor Ende des Zuges stehen, sodass alle Kinder ihn sehen konnten. Im Anschluss an den Zug teilten wir uns in den Klassen einen leckeren Weckmann und tranken dazu warmen Kakao (vielen Dank an die SpenderInnen!).<\/p>\n<p><img loading=\"lazy\" decoding=\"async\" class=\"size-medium wp-image-3257 aligncenter\" src=\"http:\/\/www.ggs-brueggen.de\/wp-content\/uploads\/SanktMartin2018-3-225x300.jpg\" alt=\"\" width=\"225\" height=\"300\" srcset=\"https:\/\/www.ggs-brueggen.de\/wp-content\/uploads\/SanktMartin2018-3-225x300.jpg 225w, https:\/\/www.ggs-brueggen.de\/wp-content\/uploads\/SanktMartin2018-3-768x1024.jpg 768w, https:\/\/www.ggs-brueggen.de\/wp-content\/uploads\/SanktMartin2018-3.jpg 1200w\" sizes=\"auto, (max-width: 225px) 100vw, 225px\" \/><br \/>\n<strong>Martinsverlosung<br \/>\n<\/strong>Wir gratulieren folgenden Gewinnern:<br \/>\n<img loading=\"lazy\" decoding=\"async\" class=\"size-large wp-image-3253 aligncenter\" src=\"http:\/\/www.ggs-brueggen.de\/wp-content\/uploads\/Aushang-Gewinnlose-2018-1-724x1024.jpg\" alt=\"\" width=\"604\" height=\"854\" srcset=\"https:\/\/www.ggs-brueggen.de\/wp-content\/uploads\/Aushang-Gewinnlose-2018-1-724x1024.jpg 724w, https:\/\/www.ggs-brueggen.de\/wp-content\/uploads\/Aushang-Gewinnlose-2018-1-212x300.jpg 212w, https:\/\/www.ggs-brueggen.de\/wp-content\/uploads\/Aushang-Gewinnlose-2018-1-768x1086.jpg 768w, https:\/\/www.ggs-brueggen.de\/wp-content\/uploads\/Aushang-Gewinnlose-2018-1.jpg 1654w\" sizes=\"auto, (max-width: 604px) 100vw, 604px\" \/><\/p>\n<p>&nbsp;<\/p>\n","protected":false},"excerpt":{"rendered":"<p>F\u00fcr den diesj\u00e4hrigen Martinszug stellten sich gegen 17:15 Uhr die Kinderg\u00e4rten sowie die Albert-Schweitzer-Schule gemeinsam an der Mehrzweckhalle auf. Angef\u00fchrt von den Klassenlaternen zogen wir durch Br\u00fcggen und bewunderten das tolle Feuer auf dem Feld. Sankt Martin ritt auf seinem Pferd voran und blieb kurz vor Ende des Zuges stehen, sodass alle Kinder ihn sehen &hellip; <a href=\"https:\/\/www.ggs-brueggen.de\/?p=3251\" class=\"more-link\"><span class=\"screen-reader-text\">Martinszug 2018<\/span> weiterlesen <span class=\"meta-nav\">&rarr;<\/span><\/a><\/p>\n","protected":false},"author":3,"featured_media":0,"comment_status":"closed","ping_status":"closed","sticky":false,"template":"","format":"standard","meta":{"footnotes":""},"categories":[1],"tags":[],"class_list":["post-3251","post","type-post","status-publish","format-standard","hentry","category-allgemein"],"_links":{"self":[{"href":"https:\/\/www.ggs-brueggen.de\/index.php?rest_route=\/wp\/v2\/posts\/3251","targetHints":{"allow":["GET"]}}],"collection":[{"href":"https:\/\/www.ggs-brueggen.de\/index.php?rest_route=\/wp\/v2\/posts"}],"about":[{"href":"https:\/\/www.ggs-brueggen.de\/index.php?rest_route=\/wp\/v2\/types\/post"}],"author":[{"embeddable":true,"href":"https:\/\/www.ggs-brueggen.de\/index.php?rest_route=\/wp\/v2\/users\/3"}],"replies":[{"embeddable":true,"href":"https:\/\/www.ggs-brueggen.de\/index.php?rest_route=%2Fwp%2Fv2%2Fcomments&post=3251"}],"version-history":[{"count":3,"href":"https:\/\/www.ggs-brueggen.de\/index.php?rest_route=\/wp\/v2\/posts\/3251\/revisions"}],"predecessor-version":[{"id":3260,"href":"https:\/\/www.ggs-brueggen.de\/index.php?rest_route=\/wp\/v2\/posts\/3251\/revisions\/3260"}],"wp:attachment":[{"href":"https:\/\/www.ggs-brueggen.de\/index.php?rest_route=%2Fwp%2Fv2%2Fmedia&parent=3251"}],"wp:term":[{"taxonomy":"category","embeddable":true,"href":"https:\/\/www.ggs-brueggen.de\/index.php?rest_route=%2Fwp%2Fv2%2Fcategories&post=3251"},{"taxonomy":"post_tag","embeddable":true,"href":"https:\/\/www.ggs-brueggen.de\/index.php?rest_route=%2Fwp%2Fv2%2Ftags&post=3251"}],"curies":[{"name":"wp","href":"https:\/\/api.w.org\/{rel}","templated":true}]}}