{"id":3231,"date":"2018-10-23T12:56:21","date_gmt":"2018-10-23T11:56:21","guid":{"rendered":"http:\/\/www.ggs-brueggen.de\/?p=3231"},"modified":"2018-10-23T12:56:21","modified_gmt":"2018-10-23T11:56:21","slug":"verkehrsdetektive-bei-kaeptn-book","status":"publish","type":"post","link":"https:\/\/www.ggs-brueggen.de\/?p=3231","title":{"rendered":"&#8222;Verkehrsdetektive&#8220; bei K\u00e4pt&#8217;n Book"},"content":{"rendered":"<p><strong>Autorenlesung 2018<\/strong><\/p>\n<p>Mittlerweile schon fast zur Tradition geworden ist die j\u00e4hrliche Teilnahme am Lesefest &#8222;K\u00e4pt&#8217;n Book&#8220;.<\/p>\n<p><img loading=\"lazy\" decoding=\"async\" class=\"size-medium wp-image-3242 alignright\" src=\"http:\/\/www.ggs-brueggen.de\/wp-content\/uploads\/Autorenlesung-10-300x240.jpg\" alt=\"\" width=\"300\" height=\"240\" srcset=\"https:\/\/www.ggs-brueggen.de\/wp-content\/uploads\/Autorenlesung-10-300x240.jpg 300w, https:\/\/www.ggs-brueggen.de\/wp-content\/uploads\/Autorenlesung-10-768x615.jpg 768w, https:\/\/www.ggs-brueggen.de\/wp-content\/uploads\/Autorenlesung-10-1024x820.jpg 1024w, https:\/\/www.ggs-brueggen.de\/wp-content\/uploads\/Autorenlesung-10.jpg 1079w\" sizes=\"auto, (max-width: 300px) 100vw, 300px\" \/><\/p>\n<p>Dieses Jahr kamen die 1. und 2. Klassen der Schule in den Genuss der Autorenlesung der Geschichte &#8222;Der gr\u00fcne Wanderer&#8220;. Auch ein Puppenspieler, der die originalen Theaterst\u00fcck-Puppen mitbrachte, war vor Ort, um die Geschichte lebendig werden zu lassen. B\u00fccher faszinieren auch heute noch, sodass wir weiterhin sehr froh \u00fcber die Teilnahme an den Autorenlesungen sind. Herzlichen Dank!<\/p>\n<p><strong>Verkehrsdetektive 2018\/19<\/strong><\/p>\n<p>Im Schuljahr 2018\/19 erhielten die neuen ersten Klassen verkehrssichere Westen, um in der dunklen Jahreszeit im Stra\u00dfenverkehr besser von den Autofahrern gesehen zu werden.<\/p>\n<p><img loading=\"lazy\" decoding=\"async\" class=\"aligncenter wp-image-3232 size-large\" src=\"http:\/\/www.ggs-brueggen.de\/wp-content\/uploads\/Westen-1.-Klasse-4-1024x488.jpg\" alt=\"\" width=\"604\" height=\"288\" srcset=\"https:\/\/www.ggs-brueggen.de\/wp-content\/uploads\/Westen-1.-Klasse-4-1024x488.jpg 1024w, https:\/\/www.ggs-brueggen.de\/wp-content\/uploads\/Westen-1.-Klasse-4-300x143.jpg 300w, https:\/\/www.ggs-brueggen.de\/wp-content\/uploads\/Westen-1.-Klasse-4-768x366.jpg 768w\" sizes=\"auto, (max-width: 604px) 100vw, 604px\" \/><\/p>\n<p>&nbsp;<\/p>\n","protected":false},"excerpt":{"rendered":"<p>Autorenlesung 2018 Mittlerweile schon fast zur Tradition geworden ist die j\u00e4hrliche Teilnahme am Lesefest &#8222;K\u00e4pt&#8217;n Book&#8220;. Dieses Jahr kamen die 1. und 2. Klassen der Schule in den Genuss der Autorenlesung der Geschichte &#8222;Der gr\u00fcne Wanderer&#8220;. Auch ein Puppenspieler, der die originalen Theaterst\u00fcck-Puppen mitbrachte, war vor Ort, um die Geschichte lebendig werden zu lassen. B\u00fccher &hellip; <a href=\"https:\/\/www.ggs-brueggen.de\/?p=3231\" class=\"more-link\"><span class=\"screen-reader-text\">&#8222;Verkehrsdetektive&#8220; bei K\u00e4pt&#8217;n Book<\/span> weiterlesen <span class=\"meta-nav\">&rarr;<\/span><\/a><\/p>\n","protected":false},"author":3,"featured_media":0,"comment_status":"closed","ping_status":"closed","sticky":false,"template":"","format":"standard","meta":{"footnotes":""},"categories":[1],"tags":[],"class_list":["post-3231","post","type-post","status-publish","format-standard","hentry","category-allgemein"],"_links":{"self":[{"href":"https:\/\/www.ggs-brueggen.de\/index.php?rest_route=\/wp\/v2\/posts\/3231","targetHints":{"allow":["GET"]}}],"collection":[{"href":"https:\/\/www.ggs-brueggen.de\/index.php?rest_route=\/wp\/v2\/posts"}],"about":[{"href":"https:\/\/www.ggs-brueggen.de\/index.php?rest_route=\/wp\/v2\/types\/post"}],"author":[{"embeddable":true,"href":"https:\/\/www.ggs-brueggen.de\/index.php?rest_route=\/wp\/v2\/users\/3"}],"replies":[{"embeddable":true,"href":"https:\/\/www.ggs-brueggen.de\/index.php?rest_route=%2Fwp%2Fv2%2Fcomments&post=3231"}],"version-history":[{"count":5,"href":"https:\/\/www.ggs-brueggen.de\/index.php?rest_route=\/wp\/v2\/posts\/3231\/revisions"}],"predecessor-version":[{"id":3244,"href":"https:\/\/www.ggs-brueggen.de\/index.php?rest_route=\/wp\/v2\/posts\/3231\/revisions\/3244"}],"wp:attachment":[{"href":"https:\/\/www.ggs-brueggen.de\/index.php?rest_route=%2Fwp%2Fv2%2Fmedia&parent=3231"}],"wp:term":[{"taxonomy":"category","embeddable":true,"href":"https:\/\/www.ggs-brueggen.de\/index.php?rest_route=%2Fwp%2Fv2%2Fcategories&post=3231"},{"taxonomy":"post_tag","embeddable":true,"href":"https:\/\/www.ggs-brueggen.de\/index.php?rest_route=%2Fwp%2Fv2%2Ftags&post=3231"}],"curies":[{"name":"wp","href":"https:\/\/api.w.org\/{rel}","templated":true}]}}