{"id":3113,"date":"2018-06-26T16:13:26","date_gmt":"2018-06-26T15:13:26","guid":{"rendered":"http:\/\/www.ggs-brueggen.de\/?p=3113"},"modified":"2018-06-26T16:22:23","modified_gmt":"2018-06-26T15:22:23","slug":"tag-1-im-zirkus","status":"publish","type":"post","link":"https:\/\/www.ggs-brueggen.de\/?p=3113","title":{"rendered":"Tag 1 im Zirkus"},"content":{"rendered":"<p>Herzlich Willkommen bei der Newsticker-Gruppe! Wir halten Sie die Woche \u00fcber mit aktuellen Informationen, Neuigkeiten, Interviews, Berichten und Bildern \u00fcber den Zirkus auf dem Laufenden.<\/p>\n<p><em><strong><span style=\"color: #333399;\"><span style=\"color: #ffcc00;\">Wer<\/span><span style=\"color: #000080;\"> wir<\/span><span style=\"color: #ffcc00;\"> sind &#8211;<\/span> <span style=\"color: #000080;\">die<\/span> <span style=\"color: #ffcc00;\">Newstickergruppe <\/span><span style=\"color: #000080;\">A<\/span> <span style=\"color: #ffcc00;\">stellt<\/span> <span style=\"color: #000080;\">sich<\/span> <span style=\"color: #ffcc00;\">vor<\/span><\/span><\/strong><\/em><\/p>\n<p><strong><em>Wer sind Sie und wie alt sind Sie?<br \/>\n<\/em><\/strong>Ich bin Constantin und bin 10 Jahre alt.<\/p>\n<p><strong><em>Was machen Sie hier im Workshop?<br \/>\n<\/em><\/strong>Wir interviewen die Familie Casselly und berichten \u00fcber die neuen News rund um den Zirkus und die Cassellyfamilie.<\/p>\n<p><!--more--><\/p>\n<p><strong><em>Warum haben Sie diesen Workshop gew\u00e4hlt?<br \/>\n<\/em><\/strong>Ich habe diesen Workshop gew\u00e4hlt damit ich die Familie Casselly besser kennenlernen darf.<\/p>\n<p><strong><em>Welchen Workshop haben Sie im Zirkus und warum haben Sie ihn gew\u00e4hlt?<br \/>\n<\/em><\/strong>Ich habe den Clown gew\u00e4hlt weil ich es gerne mag lustig zu sein und der Dumme zu sein.<\/p>\n<p>Interview gef\u00fchrt von Brayan, Klasse 4b<\/p>\n<p>&nbsp;<\/p>\n<p><strong><em>Wer sind Sie und wie alt sind Sie?<br \/>\n<\/em><\/strong>Ich bin Brayan und bin 10 Jahre alt.<\/p>\n<p><strong><em>Was machen Sie hier im Workshop?<br \/>\n<\/em><\/strong>Wir interviewen die Familie Casselly und wir halten die Zuschauer auf dem Laufenden.<\/p>\n<p><strong><em>Warum haben Sie diesen Workshop gew\u00e4hlt?<br \/>\n<\/em><\/strong>Ich habe diesen Workshop gew\u00e4hlt damit ich Interviews geben kann.<\/p>\n<p><strong><em>Welchen Workshop haben Sie im Zirkus\u00a0 gew\u00e4hlt und wieso?<br \/>\n<\/em><\/strong>Ich habe den Clown gew\u00e4hlt, weil ich es mag mich dumm zu stellen.<\/p>\n<p>Interview gef\u00fchrt von Constantin, Klasse 4b<\/p>\n<p>&nbsp;<\/p>\n<p><strong><em>Wie hei\u00dft du und wie alt bist du?<br \/>\n<\/em><\/strong>Ich hei\u00dfe Silas und bin 10 Jahre alt.<\/p>\n<p><strong><em>Warum wolltest du in diesen Workshop?<br \/>\n<\/em><\/strong>Weil ich es interessant finde.<\/p>\n<p><strong><em>Was machst du im Zirkus als Projekt?<br \/>\n<\/em><\/strong>Ich mache Trapez.<\/p>\n<p><strong><em>In welcher Gruppe bist du?<br \/>\n<\/em><\/strong>Ich bin Gruppe A!<\/p>\n<p>Interview gef\u00fchrt von Greta, Klasse 4b<strong><br \/>\n<\/strong><\/p>\n<p><strong><br \/>\n<em>Wie hei\u00dft du?<\/em><br \/>\n<\/strong>Robin<\/p>\n<p><strong><em>Warum willst du in diesem Workshop mitmachen?<\/em><br \/>\n<\/strong>Weil ich es cool finde mit anderen Interviews zu machen.<\/p>\n<p><strong><em>In welcher Gruppe bist du?<\/em><br \/>\n<\/strong>Ich bin in der Gruppe Jonglage.<\/p>\n<p><strong><em>In welcher Gruppe bist du, A oder B?<\/em><br \/>\n<\/strong>Ich bin in der Gruppe A.<\/p>\n<p>Interview gef\u00fchrt von Nicholas, Klasse 3b<\/p>\n<p>&nbsp;<\/p>\n<p><strong><em>Wie hei\u00dft du und wie alt bist du?<br \/>\n<\/em><\/strong>Nicholas Tr\u00e4ger, 9 Jahre alt.<\/p>\n<p><em><strong>In welchem Workshop bist du?<\/strong><\/em><br \/>\nIch bin bei den Clowns, weil ich sie lustig finde.<\/p>\n<p><em><strong>In welcher Gruppe bist du?<\/strong><\/em><br \/>\nIch bin in Gruppe A.<\/p>\n<p><strong><em>Was magst du am liebsten am Zirkus?<\/em><br \/>\n<\/strong>Die Clowns.<\/p>\n<p>Interview gef\u00fchrt von Robin H., Klasse 3a<\/p>\n<p>&nbsp;<\/p>\n<p><strong><em>Wie hei\u00dft du und wie alt bist du?<br \/>\n<\/em><\/strong>Ich hei\u00dfe Greta und bin 10 Jahre alt.<\/p>\n<p><strong><em>Warum wolltest du in diesen Workshop?<\/em><br \/>\n<\/strong>Weil ich es interessant und cool finde.<\/p>\n<p><strong><em>In welcher Gruppe bist du im Zirkus?<\/em><br \/>\n<\/strong>Ich bin in Bodenakrobatik.<\/p>\n<p><em><strong>Warum hast du das gew\u00e4hlt?<\/strong><\/em><br \/>\nIch finde es sehr interessant.<\/p>\n<p>Interview gef\u00fchrt von Silas, Klasse 4a<\/p>\n<p>&nbsp;<\/p>\n<p><em><strong><span style=\"color: #ffcc00;\">Der<\/span> <span style=\"color: #000080;\">erste<\/span> <span style=\"color: #ffcc00;\">Tag &#8211;<\/span> <span style=\"color: #000080;\">die<\/span> <span style=\"color: #ffcc00;\">Newstickergruppe<\/span> <span style=\"color: #000080;\">B<\/span> <span style=\"color: #ffcc00;\">berichtet<\/span><\/strong><\/em><\/p>\n<p><strong>Der Spa\u00df im Zirkus mit den Cassellys<\/strong><\/p>\n<p>Wir nahmen erstmal Platz und die Familie Casselly stellte sich vor. Sie stellten uns eine kleine Show vor am 25.6.2018. Dann fing es so richtig an, es kam Musik und Feuer, dann fingen sie an. Um 10.15 Uhr jonglierten sie mit T\u00fcchern. Es war toll. Dann nahmen sie B\u00e4lle und warfen sie ganz hoch, man konnte nicht mehr weggucken. Antonio stand da und Alfons fing an Ringe zu werfen und sie landeten bei Antonio an den Armen und am Kopf, sogar an einem Bein. Einer ging daneben, das war nicht schlimm. Bauchtanz war als n\u00e4chstes dran. Sie tanzten und tanzten. Die Seilt\u00e4nzer waren auch gut. Das Beste kam zum Schluss: Antonio sprang auf einem Trampolin \u00fcber alle von der Familie und dann durften wir raus alles ausprobieren. Das hat Spa\u00df gemacht.<\/p>\n<p>geschrieben von Sena (Klasse 3b)<\/p>\n<p><em><strong>Der erste Tag im Zirkus<\/strong><\/em><\/p>\n<p>Am 25.06.2018 waren wir im Zirkus Jonny Casselly. Zuerst haben die Cassellys alle Workshops vorgestellt. Danach durften alle Kinder etwas testen. Es gab Fakir, Tiere, Trapez, Clown, Bodenakrobatik, Bauchtanz, Jonglieren, Seiltanz und zum Schluss Trampolin. Dann haben sich alle Artisten vorgestellt, sie hie\u00dfen Antonio, Jacqueline, Miguel, Alexia, Fabienne, Antony, Romina, Luis, Micha, Jessica, Alfons, Ren\u00e9 und noch andere. Wir hatten ein Gewinnspiel und die Klasse 1a hat gewonnen. Der Preis war, dass jeder aus der Klasse eine T\u00fcte Popcorn bekommt. Sie haben sich gefreut. Es war toll.<\/p>\n<p>geschrieben von Jolie und Seden (Klasse 4b)<\/p>\n<div id='gallery-1' class='gallery galleryid-3113 gallery-columns-3 gallery-size-medium'><figure class='gallery-item'>\n\t\t\t<div class='gallery-icon landscape'>\n\t\t\t\t<img loading=\"lazy\" decoding=\"async\" width=\"300\" height=\"200\" src=\"https:\/\/www.ggs-brueggen.de\/wp-content\/uploads\/P1060003-300x200.jpg\" class=\"attachment-medium size-medium\" alt=\"\" srcset=\"https:\/\/www.ggs-brueggen.de\/wp-content\/uploads\/P1060003-300x200.jpg 300w, https:\/\/www.ggs-brueggen.de\/wp-content\/uploads\/P1060003-768x513.jpg 768w, https:\/\/www.ggs-brueggen.de\/wp-content\/uploads\/P1060003-1024x684.jpg 1024w\" sizes=\"auto, (max-width: 300px) 100vw, 300px\" \/>\n\t\t\t<\/div><\/figure><figure class='gallery-item'>\n\t\t\t<div class='gallery-icon landscape'>\n\t\t\t\t<img loading=\"lazy\" decoding=\"async\" width=\"300\" height=\"200\" src=\"https:\/\/www.ggs-brueggen.de\/wp-content\/uploads\/P1060012-300x200.jpg\" class=\"attachment-medium size-medium\" alt=\"\" srcset=\"https:\/\/www.ggs-brueggen.de\/wp-content\/uploads\/P1060012-300x200.jpg 300w, https:\/\/www.ggs-brueggen.de\/wp-content\/uploads\/P1060012-768x513.jpg 768w, https:\/\/www.ggs-brueggen.de\/wp-content\/uploads\/P1060012-1024x684.jpg 1024w\" sizes=\"auto, (max-width: 300px) 100vw, 300px\" \/>\n\t\t\t<\/div><\/figure><figure class='gallery-item'>\n\t\t\t<div class='gallery-icon landscape'>\n\t\t\t\t<img loading=\"lazy\" decoding=\"async\" width=\"300\" height=\"200\" src=\"https:\/\/www.ggs-brueggen.de\/wp-content\/uploads\/P1060018-300x200.jpg\" class=\"attachment-medium size-medium\" alt=\"\" srcset=\"https:\/\/www.ggs-brueggen.de\/wp-content\/uploads\/P1060018-300x200.jpg 300w, https:\/\/www.ggs-brueggen.de\/wp-content\/uploads\/P1060018-768x513.jpg 768w, https:\/\/www.ggs-brueggen.de\/wp-content\/uploads\/P1060018-1024x684.jpg 1024w\" sizes=\"auto, (max-width: 300px) 100vw, 300px\" \/>\n\t\t\t<\/div><\/figure><figure class='gallery-item'>\n\t\t\t<div class='gallery-icon landscape'>\n\t\t\t\t<img loading=\"lazy\" decoding=\"async\" width=\"300\" height=\"200\" src=\"https:\/\/www.ggs-brueggen.de\/wp-content\/uploads\/P1060019-300x200.jpg\" class=\"attachment-medium size-medium\" alt=\"\" srcset=\"https:\/\/www.ggs-brueggen.de\/wp-content\/uploads\/P1060019-300x200.jpg 300w, https:\/\/www.ggs-brueggen.de\/wp-content\/uploads\/P1060019-768x513.jpg 768w, https:\/\/www.ggs-brueggen.de\/wp-content\/uploads\/P1060019-1024x684.jpg 1024w\" sizes=\"auto, (max-width: 300px) 100vw, 300px\" \/>\n\t\t\t<\/div><\/figure><figure class='gallery-item'>\n\t\t\t<div class='gallery-icon landscape'>\n\t\t\t\t<img loading=\"lazy\" decoding=\"async\" width=\"300\" height=\"200\" src=\"https:\/\/www.ggs-brueggen.de\/wp-content\/uploads\/P1060025-300x200.jpg\" class=\"attachment-medium size-medium\" alt=\"\" srcset=\"https:\/\/www.ggs-brueggen.de\/wp-content\/uploads\/P1060025-300x200.jpg 300w, https:\/\/www.ggs-brueggen.de\/wp-content\/uploads\/P1060025-768x513.jpg 768w, https:\/\/www.ggs-brueggen.de\/wp-content\/uploads\/P1060025-1024x684.jpg 1024w\" sizes=\"auto, (max-width: 300px) 100vw, 300px\" \/>\n\t\t\t<\/div><\/figure><figure class='gallery-item'>\n\t\t\t<div class='gallery-icon landscape'>\n\t\t\t\t<img loading=\"lazy\" decoding=\"async\" width=\"300\" height=\"200\" src=\"https:\/\/www.ggs-brueggen.de\/wp-content\/uploads\/P1060026-300x200.jpg\" class=\"attachment-medium size-medium\" alt=\"\" srcset=\"https:\/\/www.ggs-brueggen.de\/wp-content\/uploads\/P1060026-300x200.jpg 300w, https:\/\/www.ggs-brueggen.de\/wp-content\/uploads\/P1060026-768x513.jpg 768w, https:\/\/www.ggs-brueggen.de\/wp-content\/uploads\/P1060026-1024x684.jpg 1024w\" sizes=\"auto, (max-width: 300px) 100vw, 300px\" \/>\n\t\t\t<\/div><\/figure><figure class='gallery-item'>\n\t\t\t<div class='gallery-icon landscape'>\n\t\t\t\t<img loading=\"lazy\" decoding=\"async\" width=\"300\" height=\"200\" src=\"https:\/\/www.ggs-brueggen.de\/wp-content\/uploads\/P1060029-300x200.jpg\" class=\"attachment-medium size-medium\" alt=\"\" srcset=\"https:\/\/www.ggs-brueggen.de\/wp-content\/uploads\/P1060029-300x200.jpg 300w, https:\/\/www.ggs-brueggen.de\/wp-content\/uploads\/P1060029-768x513.jpg 768w, https:\/\/www.ggs-brueggen.de\/wp-content\/uploads\/P1060029-1024x684.jpg 1024w\" sizes=\"auto, (max-width: 300px) 100vw, 300px\" \/>\n\t\t\t<\/div><\/figure><figure class='gallery-item'>\n\t\t\t<div class='gallery-icon landscape'>\n\t\t\t\t<img loading=\"lazy\" decoding=\"async\" width=\"300\" height=\"200\" src=\"https:\/\/www.ggs-brueggen.de\/wp-content\/uploads\/P1060039-300x200.jpg\" class=\"attachment-medium size-medium\" alt=\"\" srcset=\"https:\/\/www.ggs-brueggen.de\/wp-content\/uploads\/P1060039-300x200.jpg 300w, https:\/\/www.ggs-brueggen.de\/wp-content\/uploads\/P1060039-768x513.jpg 768w, https:\/\/www.ggs-brueggen.de\/wp-content\/uploads\/P1060039-1024x684.jpg 1024w\" sizes=\"auto, (max-width: 300px) 100vw, 300px\" \/>\n\t\t\t<\/div><\/figure>\n\t\t<\/div>\n\n<p><em><strong>Der erste Tag im Zirkus<\/strong><\/em><\/p>\n<p>Der erste Tag im Zirkus war sehr sch\u00f6n und aufregend. Wir sind mit der ganzen Schule zum Zirkus Casselly gegangen. Als wir dort ankamen hat die Familie Jonny Casselly uns die Workshops in einer Show vorgestellt. Es gab Seiltanz, Bauchtanz, Trapez, Trampolin, Jonglieren, Fakir, Bodenakrobatik, Tiere und Clown. Die Artisten haben sich auch vorgestellt, sie leben n\u00e4mlich in der achten Generation im Zirkus. Die Kinder hie\u00dfen Miguel, Fabienne, Anthony und Luis Antonio und die Trainer der Workshops\u00a0 hie\u00dfen Micha, Karola, Antonio, Romina, Alfons, Jessica, Romina und Ren\u00e9. Ebenfalls haben wir ein Gewinnspiel rund um den Zirkus gemacht. Die Klasse 1a hat mit nur einem Fehler gewonnen. Sie kriegen am Freitag jeweils eine T\u00fcte Popcorn. Zum Schluss durften wir die verschiedenen Workshops ausprobieren, au\u00dfer das Trapez.<\/p>\n<p>geschrieben von Michelle und Anna (Klasse 4a und 4b)<\/p>\n<p><em><strong>Der erste Tag im Zirkus<\/strong><\/em><\/p>\n<p>Als wir uns Alle in der Schule sammelten, ging es endlich los. Die ganze Schule ging zum Fu\u00dfballplatz, wo wir auf den Zirkus Casselly trafen. Wir setzten uns ins Zirkuszelt und die Familie Casselly stellte sich erstmal vor. Die Show konnte nun beginnen. Sie haben uns kleine Shows \u00fcber die verschiedenen Workshops gezeigt. Danach haben alle Klassen einen Zettel mit einem Quiz bekommen. Gewonnen hat die Klasse 1a. Nachdem wir alle Workshops ausprobieren durften gingen alle Klassen zur\u00fcck zur Schule.<\/p>\n<p>geschrieben von Roman (Klasse 4a)<\/p>\n<p><em><strong>Der erste Tag im Zirkus<\/strong><\/em><\/p>\n<p>Am 25.06.2018 um 09:40 Uhr startete die ganze Schule mit rund 180 Kindern zum Zirkus Casselly. Um 10:15 Uhr begann die Vorstellung. Es gab: Fakire, Tiere, Trapez, Clown, Bodenakrobaten, Baucht\u00e4nzer, Trampolinspringer. Die Personen hie\u00dfen: Jonny, Maria, Micha, Miguel, Antony, Antonio, Romina, Louis Antonio, Fabienne, Alfons, Jessica, Romina, Ren\u00e9, Alexia und Steffi. Danach machten wir ein Quiz und durften alles ausprobieren. Das Quiz wurde von der 1a gewonnen die daf\u00fcr eine Portion Popcorn bekommen wird. Anschlie\u00dfend sind wir alle wieder zur Schule zur\u00fcckgegangen.<\/p>\n<p>geschrieben von Colin, Klasse 3b<\/p>\n<div id='gallery-2' class='gallery galleryid-3113 gallery-columns-3 gallery-size-medium'><figure class='gallery-item'>\n\t\t\t<div class='gallery-icon portrait'>\n\t\t\t\t<img loading=\"lazy\" decoding=\"async\" width=\"200\" height=\"300\" src=\"https:\/\/www.ggs-brueggen.de\/wp-content\/uploads\/P1060042-e1530026439753-200x300.jpg\" class=\"attachment-medium size-medium\" alt=\"\" srcset=\"https:\/\/www.ggs-brueggen.de\/wp-content\/uploads\/P1060042-e1530026439753-200x300.jpg 200w, https:\/\/www.ggs-brueggen.de\/wp-content\/uploads\/P1060042-e1530026439753-768x1150.jpg 768w, https:\/\/www.ggs-brueggen.de\/wp-content\/uploads\/P1060042-e1530026439753-684x1024.jpg 684w\" sizes=\"auto, (max-width: 200px) 100vw, 200px\" \/>\n\t\t\t<\/div><\/figure><figure class='gallery-item'>\n\t\t\t<div class='gallery-icon portrait'>\n\t\t\t\t<img loading=\"lazy\" decoding=\"async\" width=\"200\" height=\"300\" src=\"https:\/\/www.ggs-brueggen.de\/wp-content\/uploads\/P1060036-e1530026450283-200x300.jpg\" class=\"attachment-medium size-medium\" alt=\"\" srcset=\"https:\/\/www.ggs-brueggen.de\/wp-content\/uploads\/P1060036-e1530026450283-200x300.jpg 200w, https:\/\/www.ggs-brueggen.de\/wp-content\/uploads\/P1060036-e1530026450283-768x1150.jpg 768w, https:\/\/www.ggs-brueggen.de\/wp-content\/uploads\/P1060036-e1530026450283-684x1024.jpg 684w\" sizes=\"auto, (max-width: 200px) 100vw, 200px\" \/>\n\t\t\t<\/div><\/figure><figure class='gallery-item'>\n\t\t\t<div class='gallery-icon portrait'>\n\t\t\t\t<img loading=\"lazy\" decoding=\"async\" width=\"200\" height=\"300\" src=\"https:\/\/www.ggs-brueggen.de\/wp-content\/uploads\/P1060033-e1530026461308-200x300.jpg\" class=\"attachment-medium size-medium\" alt=\"\" srcset=\"https:\/\/www.ggs-brueggen.de\/wp-content\/uploads\/P1060033-e1530026461308-200x300.jpg 200w, https:\/\/www.ggs-brueggen.de\/wp-content\/uploads\/P1060033-e1530026461308-768x1150.jpg 768w, https:\/\/www.ggs-brueggen.de\/wp-content\/uploads\/P1060033-e1530026461308-684x1024.jpg 684w\" sizes=\"auto, (max-width: 200px) 100vw, 200px\" \/>\n\t\t\t<\/div><\/figure><figure class='gallery-item'>\n\t\t\t<div class='gallery-icon portrait'>\n\t\t\t\t<img loading=\"lazy\" decoding=\"async\" width=\"200\" height=\"300\" src=\"https:\/\/www.ggs-brueggen.de\/wp-content\/uploads\/P1060022-e1530026473844-200x300.jpg\" class=\"attachment-medium size-medium\" alt=\"\" srcset=\"https:\/\/www.ggs-brueggen.de\/wp-content\/uploads\/P1060022-e1530026473844-200x300.jpg 200w, https:\/\/www.ggs-brueggen.de\/wp-content\/uploads\/P1060022-e1530026473844-768x1150.jpg 768w, https:\/\/www.ggs-brueggen.de\/wp-content\/uploads\/P1060022-e1530026473844-684x1024.jpg 684w\" sizes=\"auto, (max-width: 200px) 100vw, 200px\" \/>\n\t\t\t<\/div><\/figure><figure class='gallery-item'>\n\t\t\t<div class='gallery-icon portrait'>\n\t\t\t\t<img loading=\"lazy\" decoding=\"async\" width=\"200\" height=\"300\" src=\"https:\/\/www.ggs-brueggen.de\/wp-content\/uploads\/P1060017-e1530026484404-200x300.jpg\" class=\"attachment-medium size-medium\" alt=\"\" srcset=\"https:\/\/www.ggs-brueggen.de\/wp-content\/uploads\/P1060017-e1530026484404-200x300.jpg 200w, https:\/\/www.ggs-brueggen.de\/wp-content\/uploads\/P1060017-e1530026484404-768x1150.jpg 768w, https:\/\/www.ggs-brueggen.de\/wp-content\/uploads\/P1060017-e1530026484404-684x1024.jpg 684w\" sizes=\"auto, (max-width: 200px) 100vw, 200px\" \/>\n\t\t\t<\/div><\/figure><figure class='gallery-item'>\n\t\t\t<div class='gallery-icon portrait'>\n\t\t\t\t<img loading=\"lazy\" decoding=\"async\" width=\"200\" height=\"300\" src=\"https:\/\/www.ggs-brueggen.de\/wp-content\/uploads\/P1060001-e1530026495143-200x300.jpg\" class=\"attachment-medium size-medium\" alt=\"\" srcset=\"https:\/\/www.ggs-brueggen.de\/wp-content\/uploads\/P1060001-e1530026495143-200x300.jpg 200w, https:\/\/www.ggs-brueggen.de\/wp-content\/uploads\/P1060001-e1530026495143-768x1150.jpg 768w, https:\/\/www.ggs-brueggen.de\/wp-content\/uploads\/P1060001-e1530026495143-684x1024.jpg 684w\" sizes=\"auto, (max-width: 200px) 100vw, 200px\" \/>\n\t\t\t<\/div><\/figure>\n\t\t<\/div>\n\n<p style=\"text-align: center;\"><a href=\"http:\/\/www.ggs-brueggen.de\/?p=3092\">Der Aufbau des Zirkuszeltes<\/a><\/p>\n","protected":false},"excerpt":{"rendered":"<p>Herzlich Willkommen bei der Newsticker-Gruppe! Wir halten Sie die Woche \u00fcber mit aktuellen Informationen, Neuigkeiten, Interviews, Berichten und Bildern \u00fcber den Zirkus auf dem Laufenden. Wer wir sind &#8211; die Newstickergruppe A stellt sich vor Wer sind Sie und wie alt sind Sie? Ich bin Constantin und bin 10 Jahre alt. Was machen Sie hier &hellip; <a href=\"https:\/\/www.ggs-brueggen.de\/?p=3113\" class=\"more-link\"><span class=\"screen-reader-text\">Tag 1 im Zirkus<\/span> weiterlesen <span class=\"meta-nav\">&rarr;<\/span><\/a><\/p>\n","protected":false},"author":3,"featured_media":0,"comment_status":"closed","ping_status":"closed","sticky":false,"template":"","format":"standard","meta":{"footnotes":""},"categories":[6],"tags":[],"class_list":["post-3113","post","type-post","status-publish","format-standard","hentry","category-schulveranstaltung"],"_links":{"self":[{"href":"https:\/\/www.ggs-brueggen.de\/index.php?rest_route=\/wp\/v2\/posts\/3113","targetHints":{"allow":["GET"]}}],"collection":[{"href":"https:\/\/www.ggs-brueggen.de\/index.php?rest_route=\/wp\/v2\/posts"}],"about":[{"href":"https:\/\/www.ggs-brueggen.de\/index.php?rest_route=\/wp\/v2\/types\/post"}],"author":[{"embeddable":true,"href":"https:\/\/www.ggs-brueggen.de\/index.php?rest_route=\/wp\/v2\/users\/3"}],"replies":[{"embeddable":true,"href":"https:\/\/www.ggs-brueggen.de\/index.php?rest_route=%2Fwp%2Fv2%2Fcomments&post=3113"}],"version-history":[{"count":7,"href":"https:\/\/www.ggs-brueggen.de\/index.php?rest_route=\/wp\/v2\/posts\/3113\/revisions"}],"predecessor-version":[{"id":3136,"href":"https:\/\/www.ggs-brueggen.de\/index.php?rest_route=\/wp\/v2\/posts\/3113\/revisions\/3136"}],"wp:attachment":[{"href":"https:\/\/www.ggs-brueggen.de\/index.php?rest_route=%2Fwp%2Fv2%2Fmedia&parent=3113"}],"wp:term":[{"taxonomy":"category","embeddable":true,"href":"https:\/\/www.ggs-brueggen.de\/index.php?rest_route=%2Fwp%2Fv2%2Fcategories&post=3113"},{"taxonomy":"post_tag","embeddable":true,"href":"https:\/\/www.ggs-brueggen.de\/index.php?rest_route=%2Fwp%2Fv2%2Ftags&post=3113"}],"curies":[{"name":"wp","href":"https:\/\/api.w.org\/{rel}","templated":true}]}}