{"id":2866,"date":"2018-02-23T12:32:05","date_gmt":"2018-02-23T11:32:05","guid":{"rendered":"http:\/\/www.ggs-brueggen.de\/?p=2866"},"modified":"2018-06-18T16:39:34","modified_gmt":"2018-06-18T15:39:34","slug":"karneval-2018-mer-danze-us-der-reih","status":"publish","type":"post","link":"https:\/\/www.ggs-brueggen.de\/?p=2866","title":{"rendered":"Karneval 2018 &#8211; Mer danze us der Reih&#8216;"},"content":{"rendered":"<p>Wie jedes Jahr feierte die Albert-Schweitzer-Schule Karneval an Weiberfastnacht. Nach kurzer Einstimmung in den Klassen ging es in die Aula, wo ein buntes Programm auf uns wartete: neben vielen gemeinsam gesungenen Liedern traten auch einzelne Klassen und Kinder auf. So hielten Benjamin und Brayan aus der 4. Klasse eine kleine B\u00fcttenrede, das 2. Schuljahr pr\u00e4sentierte einen &#8222;Sockentanz&#8220; und die Tanz-AG unter der Leitung von Frau Lange begeisterte das Publikum. Der obligatorische Auftritt der KG Rut-Wie\u00df e.V. mit den Wibbelst\u00e4tzje durfte nat\u00fcrlich nicht fehlen. Den Abschluss bildete &#8211; nach Sch\u00fclermeinung nat\u00fcrlich DAS Highlight &#8211; der Lehrertanz. Alaaf!<\/p>\n<p>&nbsp;<\/p>\n<p>&nbsp;<\/p>\n","protected":false},"excerpt":{"rendered":"<p>Wie jedes Jahr feierte die Albert-Schweitzer-Schule Karneval an Weiberfastnacht. Nach kurzer Einstimmung in den Klassen ging es in die Aula, wo ein buntes Programm auf uns wartete: neben vielen gemeinsam gesungenen Liedern traten auch einzelne Klassen und Kinder auf. So hielten Benjamin und Brayan aus der 4. Klasse eine kleine B\u00fcttenrede, das 2. Schuljahr pr\u00e4sentierte &hellip; <a href=\"https:\/\/www.ggs-brueggen.de\/?p=2866\" class=\"more-link\"><span class=\"screen-reader-text\">Karneval 2018 &#8211; Mer danze us der Reih&#8216;<\/span> weiterlesen <span class=\"meta-nav\">&rarr;<\/span><\/a><\/p>\n","protected":false},"author":3,"featured_media":0,"comment_status":"closed","ping_status":"closed","sticky":false,"template":"","format":"standard","meta":{"footnotes":""},"categories":[1],"tags":[],"class_list":["post-2866","post","type-post","status-publish","format-standard","hentry","category-allgemein"],"_links":{"self":[{"href":"https:\/\/www.ggs-brueggen.de\/index.php?rest_route=\/wp\/v2\/posts\/2866","targetHints":{"allow":["GET"]}}],"collection":[{"href":"https:\/\/www.ggs-brueggen.de\/index.php?rest_route=\/wp\/v2\/posts"}],"about":[{"href":"https:\/\/www.ggs-brueggen.de\/index.php?rest_route=\/wp\/v2\/types\/post"}],"author":[{"embeddable":true,"href":"https:\/\/www.ggs-brueggen.de\/index.php?rest_route=\/wp\/v2\/users\/3"}],"replies":[{"embeddable":true,"href":"https:\/\/www.ggs-brueggen.de\/index.php?rest_route=%2Fwp%2Fv2%2Fcomments&post=2866"}],"version-history":[{"count":4,"href":"https:\/\/www.ggs-brueggen.de\/index.php?rest_route=\/wp\/v2\/posts\/2866\/revisions"}],"predecessor-version":[{"id":3054,"href":"https:\/\/www.ggs-brueggen.de\/index.php?rest_route=\/wp\/v2\/posts\/2866\/revisions\/3054"}],"wp:attachment":[{"href":"https:\/\/www.ggs-brueggen.de\/index.php?rest_route=%2Fwp%2Fv2%2Fmedia&parent=2866"}],"wp:term":[{"taxonomy":"category","embeddable":true,"href":"https:\/\/www.ggs-brueggen.de\/index.php?rest_route=%2Fwp%2Fv2%2Fcategories&post=2866"},{"taxonomy":"post_tag","embeddable":true,"href":"https:\/\/www.ggs-brueggen.de\/index.php?rest_route=%2Fwp%2Fv2%2Ftags&post=2866"}],"curies":[{"name":"wp","href":"https:\/\/api.w.org\/{rel}","templated":true}]}}