{"id":2833,"date":"2018-01-08T18:42:07","date_gmt":"2018-01-08T17:42:07","guid":{"rendered":"http:\/\/www.ggs-brueggen.de\/?p=2833"},"modified":"2018-06-18T16:39:49","modified_gmt":"2018-06-18T15:39:49","slug":"bundesweiter-vorlesetag-2017","status":"publish","type":"post","link":"https:\/\/www.ggs-brueggen.de\/?p=2833","title":{"rendered":"Bundesweiter Vorlesetag 2017"},"content":{"rendered":"<p>Am 17.11.2017 fand auch in unserer Schule der bundesweite Vorlesetag statt. Dank der Mithilfe vieler Freiwilliger konnten die Sch\u00fclerinnen und Sch\u00fcler zwei Vorlesungen besuchen. Neben Klassikern wie &#8222;Die Heinzelm\u00e4nnchen&#8220; oder &#8222;Pippi Langstrumpf&#8220; wurden auch neuere B\u00fccher wie &#8222;Das verschwundene Buch&#8220; vorgelesen, die die Kinder begeisterten.<br \/>\n<!--more--><\/p>\n<p>Wir bedanken uns nochmals bei allen Kolleginnen und Kollegen, Ehemaligen sowie Eltern f\u00fcr die Bereitschaft den Kindern vorzulesen und freuen uns &#8211; gemeinsam mit den Kindern! &#8211; schon auf den Vorlesetag im n\u00e4chsten Jahr.<\/p>\n","protected":false},"excerpt":{"rendered":"<p>Am 17.11.2017 fand auch in unserer Schule der bundesweite Vorlesetag statt. Dank der Mithilfe vieler Freiwilliger konnten die Sch\u00fclerinnen und Sch\u00fcler zwei Vorlesungen besuchen. Neben Klassikern wie &#8222;Die Heinzelm\u00e4nnchen&#8220; oder &#8222;Pippi Langstrumpf&#8220; wurden auch neuere B\u00fccher wie &#8222;Das verschwundene Buch&#8220; vorgelesen, die die Kinder begeisterten.<\/p>\n","protected":false},"author":3,"featured_media":0,"comment_status":"closed","ping_status":"closed","sticky":false,"template":"","format":"standard","meta":{"footnotes":""},"categories":[1],"tags":[],"class_list":["post-2833","post","type-post","status-publish","format-standard","hentry","category-allgemein"],"_links":{"self":[{"href":"https:\/\/www.ggs-brueggen.de\/index.php?rest_route=\/wp\/v2\/posts\/2833","targetHints":{"allow":["GET"]}}],"collection":[{"href":"https:\/\/www.ggs-brueggen.de\/index.php?rest_route=\/wp\/v2\/posts"}],"about":[{"href":"https:\/\/www.ggs-brueggen.de\/index.php?rest_route=\/wp\/v2\/types\/post"}],"author":[{"embeddable":true,"href":"https:\/\/www.ggs-brueggen.de\/index.php?rest_route=\/wp\/v2\/users\/3"}],"replies":[{"embeddable":true,"href":"https:\/\/www.ggs-brueggen.de\/index.php?rest_route=%2Fwp%2Fv2%2Fcomments&post=2833"}],"version-history":[{"count":5,"href":"https:\/\/www.ggs-brueggen.de\/index.php?rest_route=\/wp\/v2\/posts\/2833\/revisions"}],"predecessor-version":[{"id":3055,"href":"https:\/\/www.ggs-brueggen.de\/index.php?rest_route=\/wp\/v2\/posts\/2833\/revisions\/3055"}],"wp:attachment":[{"href":"https:\/\/www.ggs-brueggen.de\/index.php?rest_route=%2Fwp%2Fv2%2Fmedia&parent=2833"}],"wp:term":[{"taxonomy":"category","embeddable":true,"href":"https:\/\/www.ggs-brueggen.de\/index.php?rest_route=%2Fwp%2Fv2%2Fcategories&post=2833"},{"taxonomy":"post_tag","embeddable":true,"href":"https:\/\/www.ggs-brueggen.de\/index.php?rest_route=%2Fwp%2Fv2%2Ftags&post=2833"}],"curies":[{"name":"wp","href":"https:\/\/api.w.org\/{rel}","templated":true}]}}