{"id":2772,"date":"2017-10-17T20:32:16","date_gmt":"2017-10-17T19:32:16","guid":{"rendered":"http:\/\/www.ggs-brueggen.de\/?p=2772"},"modified":"2019-08-23T17:59:48","modified_gmt":"2019-08-23T16:59:48","slug":"kaeptn-book-autorenlesungen","status":"publish","type":"post","link":"https:\/\/www.ggs-brueggen.de\/?p=2772","title":{"rendered":"K\u00e4pt&#8217;n Book &#8211; Autorenlesungen"},"content":{"rendered":"<p>K\u00e4pt&#8217;n Book &#8211; das Rheinische Lesefest f\u00fcr Kinder und junge Erwachsene &#8211; hielt in diesem Jahr Einzug in der Albert-Schweitzer-Grundschule. Aufgrund zahlreicher Spenden war es uns m\u00f6glich, f\u00fcr jede Klassenstufe eine eigene Autorenlesung zu veranstalten. F\u00fcr unsere 1. Klassen kamen Pawel Pawlak und Ewa Kozyra-Pawlak mit ihrem \u00dcbersetzer Adam Jaromir und stellten das Buch &#8222;Von Hasensorgen und einer \u00dcberraschung am Morgen&#8220; vor. Anschlie\u00dfend wurde in einem Workshop zum Bilderbuch gebastelt.<\/p>\n<p><!--more--><\/p>\n<p>Die Klassen 2 bekamen von Jens Rassmus das Buch &#8222;Ein Pflaster f\u00fcr den Zackenbarsch&#8220; vorgestellt. Neben Bildern aus dem Buch wurde auch selbst gezeichnet und sogar pers\u00f6nliche Autogramme f\u00fcr die Kinder geschrieben.<\/p>\n<p>In Klasse 3 erz\u00e4hlte Adam Jaromir von der wahren Geschichte der Giraffe &#8222;Zarafa&#8220;, die ihn zu seinem Bilderbuch inspirierte. Auch Ausz\u00fcge und Bilder aus seinem Buch &#8222;Tallula&#8220; begeisterten die Kinder.<\/p>\n<p>Oliver Pautsch faszinierte die Klassen 4 mit einer Lesung aus seinem Buch &#8222;S.U.P.E.R &#8211; Mehr als ein Held&#8220;. Neben spannenden Ausz\u00fcgen aus dem Buch gab es zus\u00e4tzlich die M\u00f6glichkeit, Fragen zu stellen und selbst einmal zu \u00fcberlegen, welche Superkraft sinnvoll oder auch n\u00fctzlich w\u00e4re.<\/p>\n<p>Wir hoffen, dass wir auch in den kommenden Jahren wieder &#8222;K\u00e4pt&#8217;n Book&#8220; zu uns an die Schule einladen k\u00f6nnen und die Kinder in den Genuss einer Autorenlesung kommen. Herzlichen Dank an alle teilnehmenden Autorinnen und Autoren!<\/p>\n","protected":false},"excerpt":{"rendered":"<p>K\u00e4pt&#8217;n Book &#8211; das Rheinische Lesefest f\u00fcr Kinder und junge Erwachsene &#8211; hielt in diesem Jahr Einzug in der Albert-Schweitzer-Grundschule. Aufgrund zahlreicher Spenden war es uns m\u00f6glich, f\u00fcr jede Klassenstufe eine eigene Autorenlesung zu veranstalten. F\u00fcr unsere 1. Klassen kamen Pawel Pawlak und Ewa Kozyra-Pawlak mit ihrem \u00dcbersetzer Adam Jaromir und stellten das Buch &#8222;Von &hellip; <a href=\"https:\/\/www.ggs-brueggen.de\/?p=2772\" class=\"more-link\"><span class=\"screen-reader-text\">K\u00e4pt&#8217;n Book &#8211; Autorenlesungen<\/span> weiterlesen <span class=\"meta-nav\">&rarr;<\/span><\/a><\/p>\n","protected":false},"author":3,"featured_media":0,"comment_status":"closed","ping_status":"closed","sticky":false,"template":"","format":"standard","meta":{"footnotes":""},"categories":[8],"tags":[],"class_list":["post-2772","post","type-post","status-publish","format-standard","hentry","category-projekte"],"_links":{"self":[{"href":"https:\/\/www.ggs-brueggen.de\/index.php?rest_route=\/wp\/v2\/posts\/2772","targetHints":{"allow":["GET"]}}],"collection":[{"href":"https:\/\/www.ggs-brueggen.de\/index.php?rest_route=\/wp\/v2\/posts"}],"about":[{"href":"https:\/\/www.ggs-brueggen.de\/index.php?rest_route=\/wp\/v2\/types\/post"}],"author":[{"embeddable":true,"href":"https:\/\/www.ggs-brueggen.de\/index.php?rest_route=\/wp\/v2\/users\/3"}],"replies":[{"embeddable":true,"href":"https:\/\/www.ggs-brueggen.de\/index.php?rest_route=%2Fwp%2Fv2%2Fcomments&post=2772"}],"version-history":[{"count":11,"href":"https:\/\/www.ggs-brueggen.de\/index.php?rest_route=\/wp\/v2\/posts\/2772\/revisions"}],"predecessor-version":[{"id":3449,"href":"https:\/\/www.ggs-brueggen.de\/index.php?rest_route=\/wp\/v2\/posts\/2772\/revisions\/3449"}],"wp:attachment":[{"href":"https:\/\/www.ggs-brueggen.de\/index.php?rest_route=%2Fwp%2Fv2%2Fmedia&parent=2772"}],"wp:term":[{"taxonomy":"category","embeddable":true,"href":"https:\/\/www.ggs-brueggen.de\/index.php?rest_route=%2Fwp%2Fv2%2Fcategories&post=2772"},{"taxonomy":"post_tag","embeddable":true,"href":"https:\/\/www.ggs-brueggen.de\/index.php?rest_route=%2Fwp%2Fv2%2Ftags&post=2772"}],"curies":[{"name":"wp","href":"https:\/\/api.w.org\/{rel}","templated":true}]}}