{"id":2730,"date":"2017-10-03T14:49:49","date_gmt":"2017-10-03T13:49:49","guid":{"rendered":"http:\/\/www.ggs-brueggen.de\/?p=2730"},"modified":"2018-06-18T16:40:31","modified_gmt":"2018-06-18T15:40:31","slug":"sicherheitswesten-fuer-die-erstklaessler","status":"publish","type":"post","link":"https:\/\/www.ggs-brueggen.de\/?p=2730","title":{"rendered":"Sicherheitswesten f\u00fcr die Erstkl\u00e4ssler"},"content":{"rendered":"<p>Allj\u00e4hrlich erhalten unsere Erstkl\u00e4ssler vom ADAC Sicherheitswesten, sodass Autofahrer die Kinder insbesondere in den dunklen Jahreszeiten besser sehen k\u00f6nnen. Damit verbunden ist auch unsere Teilnahme an der &#8222;Verkehrsz\u00e4hmer&#8220;-Aktion, bei der wir die Kinder nicht nur f\u00fcr das Zufu\u00dfgehen, sondern auch f\u00fcr das Tragen der Sicherheitswesten motivieren.<\/p>\n<p>&nbsp;<\/p>\n","protected":false},"excerpt":{"rendered":"<p>Allj\u00e4hrlich erhalten unsere Erstkl\u00e4ssler vom ADAC Sicherheitswesten, sodass Autofahrer die Kinder insbesondere in den dunklen Jahreszeiten besser sehen k\u00f6nnen. Damit verbunden ist auch unsere Teilnahme an der &#8222;Verkehrsz\u00e4hmer&#8220;-Aktion, bei der wir die Kinder nicht nur f\u00fcr das Zufu\u00dfgehen, sondern auch f\u00fcr das Tragen der Sicherheitswesten motivieren. &nbsp;<\/p>\n","protected":false},"author":3,"featured_media":0,"comment_status":"closed","ping_status":"closed","sticky":false,"template":"","format":"standard","meta":{"footnotes":""},"categories":[1],"tags":[],"class_list":["post-2730","post","type-post","status-publish","format-standard","hentry","category-allgemein"],"_links":{"self":[{"href":"https:\/\/www.ggs-brueggen.de\/index.php?rest_route=\/wp\/v2\/posts\/2730","targetHints":{"allow":["GET"]}}],"collection":[{"href":"https:\/\/www.ggs-brueggen.de\/index.php?rest_route=\/wp\/v2\/posts"}],"about":[{"href":"https:\/\/www.ggs-brueggen.de\/index.php?rest_route=\/wp\/v2\/types\/post"}],"author":[{"embeddable":true,"href":"https:\/\/www.ggs-brueggen.de\/index.php?rest_route=\/wp\/v2\/users\/3"}],"replies":[{"embeddable":true,"href":"https:\/\/www.ggs-brueggen.de\/index.php?rest_route=%2Fwp%2Fv2%2Fcomments&post=2730"}],"version-history":[{"count":8,"href":"https:\/\/www.ggs-brueggen.de\/index.php?rest_route=\/wp\/v2\/posts\/2730\/revisions"}],"predecessor-version":[{"id":3059,"href":"https:\/\/www.ggs-brueggen.de\/index.php?rest_route=\/wp\/v2\/posts\/2730\/revisions\/3059"}],"wp:attachment":[{"href":"https:\/\/www.ggs-brueggen.de\/index.php?rest_route=%2Fwp%2Fv2%2Fmedia&parent=2730"}],"wp:term":[{"taxonomy":"category","embeddable":true,"href":"https:\/\/www.ggs-brueggen.de\/index.php?rest_route=%2Fwp%2Fv2%2Fcategories&post=2730"},{"taxonomy":"post_tag","embeddable":true,"href":"https:\/\/www.ggs-brueggen.de\/index.php?rest_route=%2Fwp%2Fv2%2Ftags&post=2730"}],"curies":[{"name":"wp","href":"https:\/\/api.w.org\/{rel}","templated":true}]}}